{"id":395022,"date":"2024-02-01T13:43:55","date_gmt":"2024-02-01T12:43:55","guid":{"rendered":"https:\/\/communia.de\/?p=395022"},"modified":"2024-03-12T16:42:35","modified_gmt":"2024-03-12T15:42:35","slug":"kurz-und-knapp-communia-im-podcast","status":"publish","type":"post","link":"https:\/\/communia.de\/en\/kurz-und-knapp-communia-im-podcast\/","title":{"rendered":"Kurz und knapp: communia im Podcast"},"content":{"rendered":"<blockquote><p>Brenda, Jonas, Espen und Irina haben sich im Rahmen der <a href=\"https:\/\/hfgg.de\/2023\/09\/14\/summer-academy-wirtschaft-klima-zukunft-transformation-europaeische-akademie-berlin\/\" target=\"_blank\" rel=\"noopener\">Summer Academy der Hochschule f\u00fcr Gesellschaftsgestaltung<\/a> \u201eWirtschaft \u2013 Klima \u2013 Zukunft \u2013 und Ich? Transformation gestalten!\u201c an der <a href=\"http:\/\/eab-berlin.eu\" target=\"_blank\" rel=\"noopener\">Europ\u00e4ischen Akademie Berlin<\/a> mit Max von communia getroffen und sich \u00fcber eine demokratische Wirtschaft, \u00f6ffentlichen Luxus und Vergesellschaftung unterhalten. \u00d6ffentlicher Luxus w\u00fcrde bedeuten, dass Energie, Wohnen, Gesundheit und Internet als \u00f6konomisches Grundrecht Allen garantiert zur Verf\u00fcgung gestellt wird. Wirtschaft neu zu denken, hei\u00dft bei communia aber vor allem auch, Ideen f\u00fcr alternative Eigentumsmodelle zu entwerfen. Bestimmte privat gef\u00fchrte und profitorientierte Unternehmen k\u00f6nnten dabei in \u00f6ffentliches<br \/>\nEigentum \u00fcberf\u00fchrt werden, sodass Arbeitende, Konsument*innen und weitere Betroffene entlang der Lieferkette in einem demokratischen Prozess zusammen entscheiden, was und mit welchem Zweck produziert wird. Diese Ideen werden anhand der Autoindustrie und der Energiewirtschaft beispielhaft veranschaulicht.<\/p><\/blockquote>\n<p>Kurz und knapp zusammengefasst, worum es (bei) communia geht und wie eine Welt aussehen k\u00f6nnte, in der die Wirtschaft den Vielen und nicht den Wenigen dient. H\u00f6rempfehlung!<\/p>\n<p>&nbsp;<\/p>\n<audio class=\"wp-audio-shortcode\" id=\"audio-395022-1\" preload=\"none\" style=\"width: 100%;\" controls=\"controls\"><source type=\"audio\/mpeg\" src=\"https:\/\/communia.de\/wp-content\/uploads\/EAB_Podcast_COMMUNIA_FINAL1.mp3?_=1\" \/><a href=\"https:\/\/communia.de\/wp-content\/uploads\/EAB_Podcast_COMMUNIA_FINAL1.mp3\">https:\/\/communia.de\/wp-content\/uploads\/EAB_Podcast_COMMUNIA_FINAL1.mp3<\/a><\/audio>\n","protected":false},"excerpt":{"rendered":"<p>Brenda, Jonas, Espen und Irina haben sich im Rahmen der Summer Academy der Hochschule f\u00fcr Gesellschaftsgestaltung \u201eWirtschaft \u2013 Klima \u2013 Zukunft \u2013 und Ich? Transformation gestalten!\u201c an der Europ\u00e4ischen Akademie Berlin mit Max von communia getroffen und sich \u00fcber eine demokratische Wirtschaft, \u00f6ffentlichen Luxus und Vergesellschaftung unterhalten. \u00d6ffentlicher Luxus w\u00fcrde bedeuten, dass Energie, Wohnen, Gesundheit [&hellip;]<\/p>\n","protected":false},"author":5,"featured_media":394868,"comment_status":"closed","ping_status":"closed","sticky":false,"template":"","format":"standard","meta":{"_acf_changed":false,"_et_pb_use_builder":"","_et_pb_old_content":"","_et_gb_content_width":"","footnotes":""},"categories":[44],"tags":[],"class_list":["post-395022","post","type-post","status-publish","format-standard","has-post-thumbnail","hentry","category-medien-en"],"acf":[],"yoast_head":"<!-- This site is optimized with the Yoast SEO plugin v27.4 - https:\/\/yoast.com\/product\/yoast-seo-wordpress\/ -->\n<title>Kurz und knapp: communia im Podcast - communia<\/title>\n<meta name=\"description\" content=\"Worum geht es (bei) communia und wie s\u00e4he eine Welt aus, in der die Wirtschaft den Vielen und nicht den Wenigen dient? H\u00f6rempfehlung!\" \/>\n<meta name=\"robots\" content=\"index, follow, max-snippet:-1, max-image-preview:large, max-video-preview:-1\" \/>\n<link rel=\"canonical\" href=\"https:\/\/communia.de\/en\/kurz-und-knapp-communia-im-podcast\/\" \/>\n<meta property=\"og:locale\" content=\"en_US\" \/>\n<meta property=\"og:type\" content=\"article\" \/>\n<meta property=\"og:title\" content=\"Kurz und knapp: communia im Podcast - communia\" \/>\n<meta property=\"og:description\" content=\"Worum geht es (bei) communia und wie s\u00e4he eine Welt aus, in der die Wirtschaft den Vielen und nicht den Wenigen dient? H\u00f6rempfehlung!\" \/>\n<meta property=\"og:url\" content=\"https:\/\/communia.de\/en\/kurz-und-knapp-communia-im-podcast\/\" \/>\n<meta property=\"og:site_name\" content=\"communia\" \/>\n<meta property=\"article:published_time\" content=\"2024-02-01T12:43:55+00:00\" \/>\n<meta property=\"article:modified_time\" content=\"2024-03-12T15:42:35+00:00\" \/>\n<meta property=\"og:image\" content=\"https:\/\/communia.de\/wp-content\/uploads\/prince-abid-LeZItQhwFks-unsplash-scaled.jpg\" \/>\n\t<meta property=\"og:image:width\" content=\"2560\" \/>\n\t<meta property=\"og:image:height\" content=\"1440\" \/>\n\t<meta property=\"og:image:type\" content=\"image\/jpeg\" \/>\n<meta name=\"author\" content=\"Lukas\" \/>\n<meta name=\"twitter:card\" content=\"summary_large_image\" \/>\n<meta name=\"twitter:creator\" content=\"@communiade\" \/>\n<meta name=\"twitter:site\" content=\"@communiade\" \/>\n<meta name=\"twitter:label1\" content=\"Written by\" \/>\n\t<meta name=\"twitter:data1\" content=\"Lukas\" \/>\n\t<meta name=\"twitter:label2\" content=\"Est. reading time\" \/>\n\t<meta name=\"twitter:data2\" content=\"1 minute\" \/>\n<script type=\"application\/ld+json\" class=\"yoast-schema-graph\">{\"@context\":\"https:\\\/\\\/schema.org\",\"@graph\":[{\"@type\":\"Article\",\"@id\":\"https:\\\/\\\/communia.de\\\/en\\\/kurz-und-knapp-communia-im-podcast\\\/#article\",\"isPartOf\":{\"@id\":\"https:\\\/\\\/communia.de\\\/en\\\/kurz-und-knapp-communia-im-podcast\\\/\"},\"author\":{\"name\":\"Lukas\",\"@id\":\"https:\\\/\\\/communia.de\\\/en\\\/#\\\/schema\\\/person\\\/a6686cee03cde2d4e840671635a3118c\"},\"headline\":\"Kurz und knapp: communia im Podcast\",\"datePublished\":\"2024-02-01T12:43:55+00:00\",\"dateModified\":\"2024-03-12T15:42:35+00:00\",\"mainEntityOfPage\":{\"@id\":\"https:\\\/\\\/communia.de\\\/en\\\/kurz-und-knapp-communia-im-podcast\\\/\"},\"wordCount\":185,\"publisher\":{\"@id\":\"https:\\\/\\\/communia.de\\\/en\\\/#organization\"},\"image\":{\"@id\":\"https:\\\/\\\/communia.de\\\/en\\\/kurz-und-knapp-communia-im-podcast\\\/#primaryimage\"},\"thumbnailUrl\":\"https:\\\/\\\/communia.de\\\/wp-content\\\/uploads\\\/prince-abid-LeZItQhwFks-unsplash-scaled.jpg\",\"articleSection\":[\"Medien\"],\"inLanguage\":\"en-US\"},{\"@type\":\"WebPage\",\"@id\":\"https:\\\/\\\/communia.de\\\/en\\\/kurz-und-knapp-communia-im-podcast\\\/\",\"url\":\"https:\\\/\\\/communia.de\\\/en\\\/kurz-und-knapp-communia-im-podcast\\\/\",\"name\":\"Kurz und knapp: communia im Podcast - communia\",\"isPartOf\":{\"@id\":\"https:\\\/\\\/communia.de\\\/en\\\/#website\"},\"primaryImageOfPage\":{\"@id\":\"https:\\\/\\\/communia.de\\\/en\\\/kurz-und-knapp-communia-im-podcast\\\/#primaryimage\"},\"image\":{\"@id\":\"https:\\\/\\\/communia.de\\\/en\\\/kurz-und-knapp-communia-im-podcast\\\/#primaryimage\"},\"thumbnailUrl\":\"https:\\\/\\\/communia.de\\\/wp-content\\\/uploads\\\/prince-abid-LeZItQhwFks-unsplash-scaled.jpg\",\"datePublished\":\"2024-02-01T12:43:55+00:00\",\"dateModified\":\"2024-03-12T15:42:35+00:00\",\"description\":\"Worum geht es (bei) communia und wie s\u00e4he eine Welt aus, in der die Wirtschaft den Vielen und nicht den Wenigen dient? H\u00f6rempfehlung!\",\"breadcrumb\":{\"@id\":\"https:\\\/\\\/communia.de\\\/en\\\/kurz-und-knapp-communia-im-podcast\\\/#breadcrumb\"},\"inLanguage\":\"en-US\",\"potentialAction\":[{\"@type\":\"ReadAction\",\"target\":[\"https:\\\/\\\/communia.de\\\/en\\\/kurz-und-knapp-communia-im-podcast\\\/\"]}]},{\"@type\":\"ImageObject\",\"inLanguage\":\"en-US\",\"@id\":\"https:\\\/\\\/communia.de\\\/en\\\/kurz-und-knapp-communia-im-podcast\\\/#primaryimage\",\"url\":\"https:\\\/\\\/communia.de\\\/wp-content\\\/uploads\\\/prince-abid-LeZItQhwFks-unsplash-scaled.jpg\",\"contentUrl\":\"https:\\\/\\\/communia.de\\\/wp-content\\\/uploads\\\/prince-abid-LeZItQhwFks-unsplash-scaled.jpg\",\"width\":2560,\"height\":1440,\"caption\":\"Credit: Prince Abid via Unsplash.com\"},{\"@type\":\"BreadcrumbList\",\"@id\":\"https:\\\/\\\/communia.de\\\/en\\\/kurz-und-knapp-communia-im-podcast\\\/#breadcrumb\",\"itemListElement\":[{\"@type\":\"ListItem\",\"position\":1,\"name\":\"Startseite\",\"item\":\"https:\\\/\\\/communia.de\\\/en\\\/\"},{\"@type\":\"ListItem\",\"position\":2,\"name\":\"Kurz und knapp: communia im Podcast\"}]},{\"@type\":\"WebSite\",\"@id\":\"https:\\\/\\\/communia.de\\\/en\\\/#website\",\"url\":\"https:\\\/\\\/communia.de\\\/en\\\/\",\"name\":\"communia\",\"description\":\"F\u00fcr eine Wirtschaft, die uns allen geh\u00f6rt.\",\"publisher\":{\"@id\":\"https:\\\/\\\/communia.de\\\/en\\\/#organization\"},\"potentialAction\":[{\"@type\":\"SearchAction\",\"target\":{\"@type\":\"EntryPoint\",\"urlTemplate\":\"https:\\\/\\\/communia.de\\\/en\\\/?s={search_term_string}\"},\"query-input\":{\"@type\":\"PropertyValueSpecification\",\"valueRequired\":true,\"valueName\":\"search_term_string\"}}],\"inLanguage\":\"en-US\"},{\"@type\":\"Organization\",\"@id\":\"https:\\\/\\\/communia.de\\\/en\\\/#organization\",\"name\":\"communia\",\"url\":\"https:\\\/\\\/communia.de\\\/en\\\/\",\"logo\":{\"@type\":\"ImageObject\",\"inLanguage\":\"en-US\",\"@id\":\"https:\\\/\\\/communia.de\\\/en\\\/#\\\/schema\\\/logo\\\/image\\\/\",\"url\":\"https:\\\/\\\/communia.de\\\/wp-content\\\/uploads\\\/cropped-communia-icon-rot.png\",\"contentUrl\":\"https:\\\/\\\/communia.de\\\/wp-content\\\/uploads\\\/cropped-communia-icon-rot.png\",\"width\":512,\"height\":512,\"caption\":\"communia\"},\"image\":{\"@id\":\"https:\\\/\\\/communia.de\\\/en\\\/#\\\/schema\\\/logo\\\/image\\\/\"},\"sameAs\":[\"https:\\\/\\\/x.com\\\/communiade\",\"https:\\\/\\\/www.instagram.com\\\/communia_de\\\/\"]},{\"@type\":\"Person\",\"@id\":\"https:\\\/\\\/communia.de\\\/en\\\/#\\\/schema\\\/person\\\/a6686cee03cde2d4e840671635a3118c\",\"name\":\"Lukas\",\"image\":{\"@type\":\"ImageObject\",\"inLanguage\":\"en-US\",\"@id\":\"https:\\\/\\\/secure.gravatar.com\\\/avatar\\\/6132fe3365ea25ce8dd276c330eb5079d6c598bb334616e05445ef65c8caf3c6?s=96&d=mm&r=g\",\"url\":\"https:\\\/\\\/secure.gravatar.com\\\/avatar\\\/6132fe3365ea25ce8dd276c330eb5079d6c598bb334616e05445ef65c8caf3c6?s=96&d=mm&r=g\",\"contentUrl\":\"https:\\\/\\\/secure.gravatar.com\\\/avatar\\\/6132fe3365ea25ce8dd276c330eb5079d6c598bb334616e05445ef65c8caf3c6?s=96&d=mm&r=g\",\"caption\":\"Lukas\"},\"url\":\"https:\\\/\\\/communia.de\\\/en\\\/author\\\/lukas\\\/\"}]}<\/script>\n<!-- \/ Yoast SEO plugin. -->","yoast_head_json":{"title":"Kurz und knapp: communia im Podcast - communia","description":"Worum geht es (bei) communia und wie s\u00e4he eine Welt aus, in der die Wirtschaft den Vielen und nicht den Wenigen dient? H\u00f6rempfehlung!","robots":{"index":"index","follow":"follow","max-snippet":"max-snippet:-1","max-image-preview":"max-image-preview:large","max-video-preview":"max-video-preview:-1"},"canonical":"https:\/\/communia.de\/en\/kurz-und-knapp-communia-im-podcast\/","og_locale":"en_US","og_type":"article","og_title":"Kurz und knapp: communia im Podcast - communia","og_description":"Worum geht es (bei) communia und wie s\u00e4he eine Welt aus, in der die Wirtschaft den Vielen und nicht den Wenigen dient? H\u00f6rempfehlung!","og_url":"https:\/\/communia.de\/en\/kurz-und-knapp-communia-im-podcast\/","og_site_name":"communia","article_published_time":"2024-02-01T12:43:55+00:00","article_modified_time":"2024-03-12T15:42:35+00:00","og_image":[{"width":2560,"height":1440,"url":"https:\/\/communia.de\/wp-content\/uploads\/prince-abid-LeZItQhwFks-unsplash-scaled.jpg","type":"image\/jpeg"}],"author":"Lukas","twitter_card":"summary_large_image","twitter_creator":"@communiade","twitter_site":"@communiade","twitter_misc":{"Written by":"Lukas","Est. reading time":"1 minute"},"schema":{"@context":"https:\/\/schema.org","@graph":[{"@type":"Article","@id":"https:\/\/communia.de\/en\/kurz-und-knapp-communia-im-podcast\/#article","isPartOf":{"@id":"https:\/\/communia.de\/en\/kurz-und-knapp-communia-im-podcast\/"},"author":{"name":"Lukas","@id":"https:\/\/communia.de\/en\/#\/schema\/person\/a6686cee03cde2d4e840671635a3118c"},"headline":"Kurz und knapp: communia im Podcast","datePublished":"2024-02-01T12:43:55+00:00","dateModified":"2024-03-12T15:42:35+00:00","mainEntityOfPage":{"@id":"https:\/\/communia.de\/en\/kurz-und-knapp-communia-im-podcast\/"},"wordCount":185,"publisher":{"@id":"https:\/\/communia.de\/en\/#organization"},"image":{"@id":"https:\/\/communia.de\/en\/kurz-und-knapp-communia-im-podcast\/#primaryimage"},"thumbnailUrl":"https:\/\/communia.de\/wp-content\/uploads\/prince-abid-LeZItQhwFks-unsplash-scaled.jpg","articleSection":["Medien"],"inLanguage":"en-US"},{"@type":"WebPage","@id":"https:\/\/communia.de\/en\/kurz-und-knapp-communia-im-podcast\/","url":"https:\/\/communia.de\/en\/kurz-und-knapp-communia-im-podcast\/","name":"Kurz und knapp: communia im Podcast - communia","isPartOf":{"@id":"https:\/\/communia.de\/en\/#website"},"primaryImageOfPage":{"@id":"https:\/\/communia.de\/en\/kurz-und-knapp-communia-im-podcast\/#primaryimage"},"image":{"@id":"https:\/\/communia.de\/en\/kurz-und-knapp-communia-im-podcast\/#primaryimage"},"thumbnailUrl":"https:\/\/communia.de\/wp-content\/uploads\/prince-abid-LeZItQhwFks-unsplash-scaled.jpg","datePublished":"2024-02-01T12:43:55+00:00","dateModified":"2024-03-12T15:42:35+00:00","description":"Worum geht es (bei) communia und wie s\u00e4he eine Welt aus, in der die Wirtschaft den Vielen und nicht den Wenigen dient? H\u00f6rempfehlung!","breadcrumb":{"@id":"https:\/\/communia.de\/en\/kurz-und-knapp-communia-im-podcast\/#breadcrumb"},"inLanguage":"en-US","potentialAction":[{"@type":"ReadAction","target":["https:\/\/communia.de\/en\/kurz-und-knapp-communia-im-podcast\/"]}]},{"@type":"ImageObject","inLanguage":"en-US","@id":"https:\/\/communia.de\/en\/kurz-und-knapp-communia-im-podcast\/#primaryimage","url":"https:\/\/communia.de\/wp-content\/uploads\/prince-abid-LeZItQhwFks-unsplash-scaled.jpg","contentUrl":"https:\/\/communia.de\/wp-content\/uploads\/prince-abid-LeZItQhwFks-unsplash-scaled.jpg","width":2560,"height":1440,"caption":"Credit: Prince Abid via Unsplash.com"},{"@type":"BreadcrumbList","@id":"https:\/\/communia.de\/en\/kurz-und-knapp-communia-im-podcast\/#breadcrumb","itemListElement":[{"@type":"ListItem","position":1,"name":"Startseite","item":"https:\/\/communia.de\/en\/"},{"@type":"ListItem","position":2,"name":"Kurz und knapp: communia im Podcast"}]},{"@type":"WebSite","@id":"https:\/\/communia.de\/en\/#website","url":"https:\/\/communia.de\/en\/","name":"communia","description":"F\u00fcr eine Wirtschaft, die uns allen geh\u00f6rt.","publisher":{"@id":"https:\/\/communia.de\/en\/#organization"},"potentialAction":[{"@type":"SearchAction","target":{"@type":"EntryPoint","urlTemplate":"https:\/\/communia.de\/en\/?s={search_term_string}"},"query-input":{"@type":"PropertyValueSpecification","valueRequired":true,"valueName":"search_term_string"}}],"inLanguage":"en-US"},{"@type":"Organization","@id":"https:\/\/communia.de\/en\/#organization","name":"communia","url":"https:\/\/communia.de\/en\/","logo":{"@type":"ImageObject","inLanguage":"en-US","@id":"https:\/\/communia.de\/en\/#\/schema\/logo\/image\/","url":"https:\/\/communia.de\/wp-content\/uploads\/cropped-communia-icon-rot.png","contentUrl":"https:\/\/communia.de\/wp-content\/uploads\/cropped-communia-icon-rot.png","width":512,"height":512,"caption":"communia"},"image":{"@id":"https:\/\/communia.de\/en\/#\/schema\/logo\/image\/"},"sameAs":["https:\/\/x.com\/communiade","https:\/\/www.instagram.com\/communia_de\/"]},{"@type":"Person","@id":"https:\/\/communia.de\/en\/#\/schema\/person\/a6686cee03cde2d4e840671635a3118c","name":"Lukas","image":{"@type":"ImageObject","inLanguage":"en-US","@id":"https:\/\/secure.gravatar.com\/avatar\/6132fe3365ea25ce8dd276c330eb5079d6c598bb334616e05445ef65c8caf3c6?s=96&d=mm&r=g","url":"https:\/\/secure.gravatar.com\/avatar\/6132fe3365ea25ce8dd276c330eb5079d6c598bb334616e05445ef65c8caf3c6?s=96&d=mm&r=g","contentUrl":"https:\/\/secure.gravatar.com\/avatar\/6132fe3365ea25ce8dd276c330eb5079d6c598bb334616e05445ef65c8caf3c6?s=96&d=mm&r=g","caption":"Lukas"},"url":"https:\/\/communia.de\/en\/author\/lukas\/"}]}},"_links":{"self":[{"href":"https:\/\/communia.de\/en\/wp-json\/wp\/v2\/posts\/395022","targetHints":{"allow":["GET"]}}],"collection":[{"href":"https:\/\/communia.de\/en\/wp-json\/wp\/v2\/posts"}],"about":[{"href":"https:\/\/communia.de\/en\/wp-json\/wp\/v2\/types\/post"}],"author":[{"embeddable":true,"href":"https:\/\/communia.de\/en\/wp-json\/wp\/v2\/users\/5"}],"replies":[{"embeddable":true,"href":"https:\/\/communia.de\/en\/wp-json\/wp\/v2\/comments?post=395022"}],"version-history":[{"count":1,"href":"https:\/\/communia.de\/en\/wp-json\/wp\/v2\/posts\/395022\/revisions"}],"predecessor-version":[{"id":395179,"href":"https:\/\/communia.de\/en\/wp-json\/wp\/v2\/posts\/395022\/revisions\/395179"}],"wp:featuredmedia":[{"embeddable":true,"href":"https:\/\/communia.de\/en\/wp-json\/wp\/v2\/media\/394868"}],"wp:attachment":[{"href":"https:\/\/communia.de\/en\/wp-json\/wp\/v2\/media?parent=395022"}],"wp:term":[{"taxonomy":"category","embeddable":true,"href":"https:\/\/communia.de\/en\/wp-json\/wp\/v2\/categories?post=395022"},{"taxonomy":"post_tag","embeddable":true,"href":"https:\/\/communia.de\/en\/wp-json\/wp\/v2\/tags?post=395022"}],"curies":[{"name":"wp","href":"https:\/\/api.w.org\/{rel}","templated":true}]}}