{"id":395026,"date":"2023-12-13T12:32:56","date_gmt":"2023-12-13T11:32:56","guid":{"rendered":"https:\/\/communia.de\/oeffentlicher-luxus-in-den-medien\/"},"modified":"2024-01-25T19:18:20","modified_gmt":"2024-01-25T18:18:20","slug":"oeffentlicher-luxus-in-den-medien","status":"publish","type":"post","link":"https:\/\/communia.de\/en\/oeffentlicher-luxus-in-den-medien\/","title":{"rendered":"\u00d6ffentlicher Luxus in den Medien"},"content":{"rendered":"<p>[et_pb_section fb_built=&#8221;1&#8243; admin_label=&#8221;section&#8221; _builder_version=&#8221;4.16&#8243; global_colors_info=&#8221;{}&#8221;][et_pb_row admin_label=&#8221;row&#8221; _builder_version=&#8221;4.16&#8243; background_size=&#8221;initial&#8221; background_position=&#8221;top_left&#8221; background_repeat=&#8221;repeat&#8221; global_colors_info=&#8221;{}&#8221;][et_pb_column type=&#8221;4_4&#8243; _builder_version=&#8221;4.16&#8243; custom_padding=&#8221;|||&#8221; global_colors_info=&#8221;{}&#8221; custom_padding__hover=&#8221;|||&#8221;][et_pb_text admin_label=&#8221;Text&#8221; _builder_version=&#8221;4.23.4&#8243; background_size=&#8221;initial&#8221; background_position=&#8221;top_left&#8221; background_repeat=&#8221;repeat&#8221; hover_enabled=&#8221;0&#8243; global_colors_info=&#8221;{}&#8221; sticky_enabled=&#8221;0&#8243;]<\/p>\n<p>Es ist Zeit, dar\u00fcber zu sprechen, wie Zukunft wieder zur Verhei\u00dfung werden kann. Und das haben wir in den vergangenen Wochen zum Erscheinen unseres Buchs <a href=\"https:\/\/communia.de\/project\/offentlicher-luxus\/\" target=\"_blank\" rel=\"noopener\">\u00d6ffentlicher Luxus<\/a> in unterschiedlichen Formaten getan. Hier pr\u00e4sentieren wir euch einige Highlights!<\/p>\n<p>\u00dcbrigens: wer noch ein glitzerndes, Hoffnung stiftendes Weihnachtsgeschenk sucht, kann das Buch mit wundersch\u00f6nem Poster direkt <a href=\"https:\/\/dietzberlin.de\/produkt\/oeffentlicher-luxus\/\" target=\"_blank\" rel=\"noopener\">beim Verlag bestellen<\/a>!<\/p>\n<p>&nbsp;<\/p>\n<h2><strong>Interviews<\/strong><\/h2>\n<p><img decoding=\"async\" class=\"alignnone size-medium wp-image-394351\" src=\"https:\/\/communia.de\/wp-content\/uploads\/Bildschirmfoto-vom-2023-12-06-12-22-48-300x169.png\" alt=\"Screenshot vom taz-Interview\" width=\"300\" height=\"169\" \/><\/p>\n<p><a href=\"https:\/\/taz.de\/Politoekonom-ueber-Luxus\/!5970044\/\" target=\"_blank\" rel=\"noopener\">Interview in der taz<\/a><\/p>\n<p><img decoding=\"async\" class=\"alignnone size-medium wp-image-394352\" src=\"https:\/\/communia.de\/wp-content\/uploads\/Bildschirmfoto-vom-2023-12-06-12-24-36-300x196.png\" alt=\"Screenshot vom klimareporter-Interview\" width=\"300\" height=\"196\" \/><\/p>\n<p><a href=\"https:\/\/www.klimareporter.de\/protest\/oeffentlicher-luxus-loest-klima-und-gerechtigkeitskrisen-gemeinsam\" target=\"_blank\" rel=\"noopener\">Interview auf klimareporter.de<\/a><\/p>\n<p><img decoding=\"async\" class=\"alignnone size-medium wp-image-394435\" src=\"https:\/\/communia.de\/wp-content\/uploads\/signal-2024-01-04-091031_002-300x209.jpeg\" alt=\"Interview in der WOZ\" width=\"300\" height=\"209\" \/><\/p>\n<p><a href=\"https:\/\/www.woz.ch\/2401\/woerterkunde\/oeffentlicher-luxus-wuerde-uns-allen-die-angst-nehmen\/!DRWHC9SEP0Y4\" target=\"_blank\" rel=\"noopener\">Interview und Themenschwerpunkt in der Wochenzeitung WOZ (CH)<\/a><\/p>\n<p>&nbsp;<\/p>\n<h2>\u00a0<\/h2>\n<h2><strong>Podcasts<\/strong><\/h2>\n<div  id=\"_ytid_21419\" class=\"__youtube_prefs__  __youtube_prefs_gdpr__ \" allowfullscreen data-no-lazy=\"1\" data-skipgform_ajax_framebjll=\"\"><p><strong>Um das Video anzusehen, m\u00fcssen Sie Youtube cookies akzeptieren. <\/strong>Bei Zustimmung greifen Sie auf Inhalte der externen Plattform Youtube zu.<\/p>\n<p><a href=\"https:\/\/policies.google.com\/privacy\" target=\"_blank\" rel=\"noopener\">YouTube Datenschutzerkl\u00e4rung<\/a><\/p>\n<p>Wenn Sie zustimmen, speichern wir ihre Auswahl und die Seite l\u00e4d sich neu.<\/p>\n<button type=\"button\" class=\"__youtube_prefs_gdpr__\">Inhalt von Youtube akzeptieren<img decoding=\"async\" src=\"https:\/\/communia.de\/wp-content\/plugins\/youtube-embed-plus\/images\/icon-check.png\" alt=\"accept\" data-no-lazy=\"1\" data-skipgform_ajax_framebjll=\"\" \/><\/button><\/div>\n<p><strong>Future Histories mit Lemon und Lukas von communia<br \/><\/strong><\/p>\n<div  id=\"_ytid_15930\" class=\"__youtube_prefs__  __youtube_prefs_gdpr__ \" allowfullscreen data-no-lazy=\"1\" data-skipgform_ajax_framebjll=\"\"><p><strong>Um das Video anzusehen, m\u00fcssen Sie Youtube cookies akzeptieren. <\/strong>Bei Zustimmung greifen Sie auf Inhalte der externen Plattform Youtube zu.<\/p>\n<p><a href=\"https:\/\/policies.google.com\/privacy\" target=\"_blank\" rel=\"noopener\">YouTube Datenschutzerkl\u00e4rung<\/a><\/p>\n<p>Wenn Sie zustimmen, speichern wir ihre Auswahl und die Seite l\u00e4d sich neu.<\/p>\n<button type=\"button\" class=\"__youtube_prefs_gdpr__\">Inhalt von Youtube akzeptieren<img decoding=\"async\" src=\"https:\/\/communia.de\/wp-content\/plugins\/youtube-embed-plus\/images\/icon-check.png\" alt=\"accept\" data-no-lazy=\"1\" data-skipgform_ajax_framebjll=\"\" \/><\/button><\/div>\n<p><strong>Future Histories mit George Monbiot (EN)<br \/><\/strong><\/p>\n<div  id=\"_ytid_13800\" class=\"__youtube_prefs__  __youtube_prefs_gdpr__ \" allowfullscreen data-no-lazy=\"1\" data-skipgform_ajax_framebjll=\"\"><p><strong>Um das Video anzusehen, m\u00fcssen Sie Youtube cookies akzeptieren. <\/strong>Bei Zustimmung greifen Sie auf Inhalte der externen Plattform Youtube zu.<\/p>\n<p><a href=\"https:\/\/policies.google.com\/privacy\" target=\"_blank\" rel=\"noopener\">YouTube Datenschutzerkl\u00e4rung<\/a><\/p>\n<p>Wenn Sie zustimmen, speichern wir ihre Auswahl und die Seite l\u00e4d sich neu.<\/p>\n<button type=\"button\" class=\"__youtube_prefs_gdpr__\">Inhalt von Youtube akzeptieren<img decoding=\"async\" src=\"https:\/\/communia.de\/wp-content\/plugins\/youtube-embed-plus\/images\/icon-check.png\" alt=\"accept\" data-no-lazy=\"1\" data-skipgform_ajax_framebjll=\"\" \/><\/button><\/div>\n<p><strong>Dissens<\/strong><\/p>\n<p>&nbsp;<\/p>\n<p>&nbsp;<\/p>\n<p>[\/et_pb_text][\/et_pb_column][\/et_pb_row][\/et_pb_section]<\/p>\n","protected":false},"excerpt":{"rendered":"<p>Es ist Zeit, dar\u00fcber zu sprechen, wie Zukunft wieder zur Verhei\u00dfung werden kann. Und das haben wir in den vergangenen Wochen zum Erscheinen unseres Buchs \u00d6ffentlicher Luxus in unterschiedlichen Formaten getan. Hier pr\u00e4sentieren wir euch einige Highlights! \u00dcbrigens: wer noch ein glitzerndes, Hoffnung stiftendes Weihnachtsgeschenk sucht, kann das Buch mit wundersch\u00f6nem Poster direkt beim Verlag [&hellip;]<\/p>\n","protected":false},"author":5,"featured_media":394797,"comment_status":"closed","ping_status":"closed","sticky":false,"template":"","format":"standard","meta":{"_acf_changed":false,"_et_pb_use_builder":"on","_et_pb_old_content":"Es ist Zeit, dar\u00fcber zu sprechen, wie Zukunft wieder zur Verhei\u00dfung werden kann. Und das haben wir in den vergangenen Wochen zum Erscheinen unseres Buchs <a href=\"https:\/\/communia.de\/project\/offentlicher-luxus\/\" target=\"_blank\" rel=\"noopener\">\u00d6ffentlicher Luxus<\/a> in unterschiedlichen Formaten getan. Hier pr\u00e4sentieren wir euch einige Highlights!\r\n\r\n\u00dcbrigens: wer noch ein glitzerndes, Hoffnung stiftendes Weihnachtsgeschenk sucht, kann das Buch mit wundersch\u00f6nem Poster direkt <a href=\"https:\/\/dietzberlin.de\/produkt\/oeffentlicher-luxus\/\" target=\"_blank\" rel=\"noopener\">beim Verlag bestellen<\/a>!\r\n\r\n\u00a0\r\n<h2><strong>Interviews<\/strong><\/h2>\r\n<img class=\"alignnone size-medium wp-image-394351\" src=\"https:\/\/communia.de\/wp-content\/uploads\/\/Bildschirmfoto-vom-2023-12-06-12-22-48-300x169.png\" alt=\"Screenshot vom taz-Interview\" width=\"300\" height=\"169\" \/>\r\n\r\n<a href=\"https:\/\/taz.de\/Politoekonom-ueber-Luxus\/!5970044\/\">Interview in der taz<\/a>\r\n\r\n<img class=\"alignnone size-medium wp-image-394352\" src=\"https:\/\/communia.de\/wp-content\/uploads\/\/Bildschirmfoto-vom-2023-12-06-12-24-36-300x196.png\" alt=\"Screenshot vom klimareporter-Interview\" width=\"300\" height=\"196\" \/>\r\n\r\n<a href=\"https:\/\/www.klimareporter.de\/protest\/oeffentlicher-luxus-loest-klima-und-gerechtigkeitskrisen-gemeinsam\">Interview auf klimareporter.de<\/a>\r\n\r\n<img class=\"alignnone size-medium wp-image-394435\" src=\"https:\/\/communia.de\/wp-content\/uploads\/\/signal-2024-01-04-091031_002-300x209.jpeg\" alt=\"Interview in der WOZ\" width=\"300\" height=\"209\" \/>\r\n\r\n<a href=\"https:\/\/www.woz.ch\/2401\/woerterkunde\/oeffentlicher-luxus-wuerde-uns-allen-die-angst-nehmen\/!DRWHC9SEP0Y4\" target=\"_blank\" rel=\"noopener\">Interview und Themenschwerpunkt in der Wochenzeitung WOZ (CH)<\/a>\r\n\r\n\u00a0\r\n<h2><\/h2>\r\n<h2><strong>Podcasts<\/strong><\/h2>\r\n[embedyt] https:\/\/www.youtube.com\/watch?v=dkdCvNvQcPo[\/embedyt]\r\n\r\n<strong>Future Histories mit Lemon und Lukas von communia\r\n<\/strong>\r\n\r\n[embedyt] https:\/\/www.youtube.com\/watch?v=CVTjMyymKjo[\/embedyt]\r\n\r\n<strong>Future Histories mit George Monbiot (EN)\r\n<\/strong>\r\n\r\n[embedyt] https:\/\/www.youtube.com\/watch?v=tKjNt_Zm4U8[\/embedyt]\r\n\r\n<strong>Dissens<\/strong>\r\n\r\n\u00a0\r\n\r\n\u00a0","_et_gb_content_width":"","footnotes":""},"categories":[44,43],"tags":[],"class_list":["post-395026","post","type-post","status-publish","format-standard","has-post-thumbnail","hentry","category-medien-en","category-oeffentlicher-luxus-en"],"acf":[],"yoast_head":"<!-- This site is optimized with the Yoast SEO plugin v27.4 - https:\/\/yoast.com\/product\/yoast-seo-wordpress\/ -->\n<title>\u00d6ffentlicher Luxus in den Medien - communia<\/title>\n<meta name=\"description\" content=\"Wie wird Zukunft wieder zur Verhei\u00dfung? Einige Highlights aus den Medien zu unserem Buch &quot;\u00d6ffentlicher Luxus&quot;!\" \/>\n<meta name=\"robots\" content=\"index, follow, max-snippet:-1, max-image-preview:large, max-video-preview:-1\" \/>\n<link rel=\"canonical\" href=\"https:\/\/communia.de\/en\/oeffentlicher-luxus-in-den-medien\/\" \/>\n<meta property=\"og:locale\" content=\"en_US\" \/>\n<meta property=\"og:type\" content=\"article\" \/>\n<meta property=\"og:title\" content=\"\u00d6ffentlicher Luxus in den Medien - communia\" \/>\n<meta property=\"og:description\" content=\"Wie wird Zukunft wieder zur Verhei\u00dfung? Einige Highlights aus den Medien zu unserem Buch &quot;\u00d6ffentlicher Luxus&quot;!\" \/>\n<meta property=\"og:url\" content=\"https:\/\/communia.de\/en\/oeffentlicher-luxus-in-den-medien\/\" \/>\n<meta property=\"og:site_name\" content=\"communia\" \/>\n<meta property=\"article:published_time\" content=\"2023-12-13T11:32:56+00:00\" \/>\n<meta property=\"article:modified_time\" content=\"2024-01-25T18:18:20+00:00\" \/>\n<meta property=\"og:image\" content=\"https:\/\/communia.de\/wp-content\/uploads\/kier-in-sight-archives-s99bwKNke8g-unsplash-scaled.jpg\" \/>\n\t<meta property=\"og:image:width\" content=\"2560\" \/>\n\t<meta property=\"og:image:height\" content=\"1439\" \/>\n\t<meta property=\"og:image:type\" content=\"image\/jpeg\" \/>\n<meta name=\"author\" content=\"Lukas\" \/>\n<meta name=\"twitter:card\" content=\"summary_large_image\" \/>\n<meta name=\"twitter:creator\" content=\"@communiade\" \/>\n<meta name=\"twitter:site\" content=\"@communiade\" \/>\n<meta name=\"twitter:label1\" content=\"Written by\" \/>\n\t<meta name=\"twitter:data1\" content=\"Lukas\" \/>\n\t<meta name=\"twitter:label2\" content=\"Est. reading time\" \/>\n\t<meta name=\"twitter:data2\" content=\"1 minute\" \/>\n<script type=\"application\/ld+json\" class=\"yoast-schema-graph\">{\"@context\":\"https:\\\/\\\/schema.org\",\"@graph\":[{\"@type\":\"Article\",\"@id\":\"https:\\\/\\\/communia.de\\\/en\\\/oeffentlicher-luxus-in-den-medien\\\/#article\",\"isPartOf\":{\"@id\":\"https:\\\/\\\/communia.de\\\/en\\\/oeffentlicher-luxus-in-den-medien\\\/\"},\"author\":{\"name\":\"Lukas\",\"@id\":\"https:\\\/\\\/communia.de\\\/en\\\/#\\\/schema\\\/person\\\/a6686cee03cde2d4e840671635a3118c\"},\"headline\":\"\u00d6ffentlicher Luxus in den Medien\",\"datePublished\":\"2023-12-13T11:32:56+00:00\",\"dateModified\":\"2024-01-25T18:18:20+00:00\",\"mainEntityOfPage\":{\"@id\":\"https:\\\/\\\/communia.de\\\/en\\\/oeffentlicher-luxus-in-den-medien\\\/\"},\"wordCount\":216,\"publisher\":{\"@id\":\"https:\\\/\\\/communia.de\\\/en\\\/#organization\"},\"image\":{\"@id\":\"https:\\\/\\\/communia.de\\\/en\\\/oeffentlicher-luxus-in-den-medien\\\/#primaryimage\"},\"thumbnailUrl\":\"https:\\\/\\\/communia.de\\\/wp-content\\\/uploads\\\/kier-in-sight-archives-s99bwKNke8g-unsplash-scaled.jpg\",\"articleSection\":[\"Medien\",\"\u00d6ffentlicher Luxus\"],\"inLanguage\":\"en-US\"},{\"@type\":\"WebPage\",\"@id\":\"https:\\\/\\\/communia.de\\\/en\\\/oeffentlicher-luxus-in-den-medien\\\/\",\"url\":\"https:\\\/\\\/communia.de\\\/en\\\/oeffentlicher-luxus-in-den-medien\\\/\",\"name\":\"\u00d6ffentlicher Luxus in den Medien - communia\",\"isPartOf\":{\"@id\":\"https:\\\/\\\/communia.de\\\/en\\\/#website\"},\"primaryImageOfPage\":{\"@id\":\"https:\\\/\\\/communia.de\\\/en\\\/oeffentlicher-luxus-in-den-medien\\\/#primaryimage\"},\"image\":{\"@id\":\"https:\\\/\\\/communia.de\\\/en\\\/oeffentlicher-luxus-in-den-medien\\\/#primaryimage\"},\"thumbnailUrl\":\"https:\\\/\\\/communia.de\\\/wp-content\\\/uploads\\\/kier-in-sight-archives-s99bwKNke8g-unsplash-scaled.jpg\",\"datePublished\":\"2023-12-13T11:32:56+00:00\",\"dateModified\":\"2024-01-25T18:18:20+00:00\",\"description\":\"Wie wird Zukunft wieder zur Verhei\u00dfung? Einige Highlights aus den Medien zu unserem Buch \\\"\u00d6ffentlicher Luxus\\\"!\",\"breadcrumb\":{\"@id\":\"https:\\\/\\\/communia.de\\\/en\\\/oeffentlicher-luxus-in-den-medien\\\/#breadcrumb\"},\"inLanguage\":\"en-US\",\"potentialAction\":[{\"@type\":\"ReadAction\",\"target\":[\"https:\\\/\\\/communia.de\\\/en\\\/oeffentlicher-luxus-in-den-medien\\\/\"]}]},{\"@type\":\"ImageObject\",\"inLanguage\":\"en-US\",\"@id\":\"https:\\\/\\\/communia.de\\\/en\\\/oeffentlicher-luxus-in-den-medien\\\/#primaryimage\",\"url\":\"https:\\\/\\\/communia.de\\\/wp-content\\\/uploads\\\/kier-in-sight-archives-s99bwKNke8g-unsplash-scaled.jpg\",\"contentUrl\":\"https:\\\/\\\/communia.de\\\/wp-content\\\/uploads\\\/kier-in-sight-archives-s99bwKNke8g-unsplash-scaled.jpg\",\"width\":2560,\"height\":1439,\"caption\":\"Credit: \\\"Kier in Sight Archives\\\" via Unsplash\"},{\"@type\":\"BreadcrumbList\",\"@id\":\"https:\\\/\\\/communia.de\\\/en\\\/oeffentlicher-luxus-in-den-medien\\\/#breadcrumb\",\"itemListElement\":[{\"@type\":\"ListItem\",\"position\":1,\"name\":\"Startseite\",\"item\":\"https:\\\/\\\/communia.de\\\/en\\\/\"},{\"@type\":\"ListItem\",\"position\":2,\"name\":\"\u00d6ffentlicher Luxus in den Medien\"}]},{\"@type\":\"WebSite\",\"@id\":\"https:\\\/\\\/communia.de\\\/en\\\/#website\",\"url\":\"https:\\\/\\\/communia.de\\\/en\\\/\",\"name\":\"communia\",\"description\":\"F\u00fcr eine Wirtschaft, die uns allen geh\u00f6rt.\",\"publisher\":{\"@id\":\"https:\\\/\\\/communia.de\\\/en\\\/#organization\"},\"potentialAction\":[{\"@type\":\"SearchAction\",\"target\":{\"@type\":\"EntryPoint\",\"urlTemplate\":\"https:\\\/\\\/communia.de\\\/en\\\/?s={search_term_string}\"},\"query-input\":{\"@type\":\"PropertyValueSpecification\",\"valueRequired\":true,\"valueName\":\"search_term_string\"}}],\"inLanguage\":\"en-US\"},{\"@type\":\"Organization\",\"@id\":\"https:\\\/\\\/communia.de\\\/en\\\/#organization\",\"name\":\"communia\",\"url\":\"https:\\\/\\\/communia.de\\\/en\\\/\",\"logo\":{\"@type\":\"ImageObject\",\"inLanguage\":\"en-US\",\"@id\":\"https:\\\/\\\/communia.de\\\/en\\\/#\\\/schema\\\/logo\\\/image\\\/\",\"url\":\"https:\\\/\\\/communia.de\\\/wp-content\\\/uploads\\\/cropped-communia-icon-rot.png\",\"contentUrl\":\"https:\\\/\\\/communia.de\\\/wp-content\\\/uploads\\\/cropped-communia-icon-rot.png\",\"width\":512,\"height\":512,\"caption\":\"communia\"},\"image\":{\"@id\":\"https:\\\/\\\/communia.de\\\/en\\\/#\\\/schema\\\/logo\\\/image\\\/\"},\"sameAs\":[\"https:\\\/\\\/x.com\\\/communiade\",\"https:\\\/\\\/www.instagram.com\\\/communia_de\\\/\"]},{\"@type\":\"Person\",\"@id\":\"https:\\\/\\\/communia.de\\\/en\\\/#\\\/schema\\\/person\\\/a6686cee03cde2d4e840671635a3118c\",\"name\":\"Lukas\",\"image\":{\"@type\":\"ImageObject\",\"inLanguage\":\"en-US\",\"@id\":\"https:\\\/\\\/secure.gravatar.com\\\/avatar\\\/6132fe3365ea25ce8dd276c330eb5079d6c598bb334616e05445ef65c8caf3c6?s=96&d=mm&r=g\",\"url\":\"https:\\\/\\\/secure.gravatar.com\\\/avatar\\\/6132fe3365ea25ce8dd276c330eb5079d6c598bb334616e05445ef65c8caf3c6?s=96&d=mm&r=g\",\"contentUrl\":\"https:\\\/\\\/secure.gravatar.com\\\/avatar\\\/6132fe3365ea25ce8dd276c330eb5079d6c598bb334616e05445ef65c8caf3c6?s=96&d=mm&r=g\",\"caption\":\"Lukas\"},\"url\":\"https:\\\/\\\/communia.de\\\/en\\\/author\\\/lukas\\\/\"}]}<\/script>\n<!-- \/ Yoast SEO plugin. -->","yoast_head_json":{"title":"\u00d6ffentlicher Luxus in den Medien - communia","description":"Wie wird Zukunft wieder zur Verhei\u00dfung? Einige Highlights aus den Medien zu unserem Buch \"\u00d6ffentlicher Luxus\"!","robots":{"index":"index","follow":"follow","max-snippet":"max-snippet:-1","max-image-preview":"max-image-preview:large","max-video-preview":"max-video-preview:-1"},"canonical":"https:\/\/communia.de\/en\/oeffentlicher-luxus-in-den-medien\/","og_locale":"en_US","og_type":"article","og_title":"\u00d6ffentlicher Luxus in den Medien - communia","og_description":"Wie wird Zukunft wieder zur Verhei\u00dfung? Einige Highlights aus den Medien zu unserem Buch \"\u00d6ffentlicher Luxus\"!","og_url":"https:\/\/communia.de\/en\/oeffentlicher-luxus-in-den-medien\/","og_site_name":"communia","article_published_time":"2023-12-13T11:32:56+00:00","article_modified_time":"2024-01-25T18:18:20+00:00","og_image":[{"width":2560,"height":1439,"url":"https:\/\/communia.de\/wp-content\/uploads\/kier-in-sight-archives-s99bwKNke8g-unsplash-scaled.jpg","type":"image\/jpeg"}],"author":"Lukas","twitter_card":"summary_large_image","twitter_creator":"@communiade","twitter_site":"@communiade","twitter_misc":{"Written by":"Lukas","Est. reading time":"1 minute"},"schema":{"@context":"https:\/\/schema.org","@graph":[{"@type":"Article","@id":"https:\/\/communia.de\/en\/oeffentlicher-luxus-in-den-medien\/#article","isPartOf":{"@id":"https:\/\/communia.de\/en\/oeffentlicher-luxus-in-den-medien\/"},"author":{"name":"Lukas","@id":"https:\/\/communia.de\/en\/#\/schema\/person\/a6686cee03cde2d4e840671635a3118c"},"headline":"\u00d6ffentlicher Luxus in den Medien","datePublished":"2023-12-13T11:32:56+00:00","dateModified":"2024-01-25T18:18:20+00:00","mainEntityOfPage":{"@id":"https:\/\/communia.de\/en\/oeffentlicher-luxus-in-den-medien\/"},"wordCount":216,"publisher":{"@id":"https:\/\/communia.de\/en\/#organization"},"image":{"@id":"https:\/\/communia.de\/en\/oeffentlicher-luxus-in-den-medien\/#primaryimage"},"thumbnailUrl":"https:\/\/communia.de\/wp-content\/uploads\/kier-in-sight-archives-s99bwKNke8g-unsplash-scaled.jpg","articleSection":["Medien","\u00d6ffentlicher Luxus"],"inLanguage":"en-US"},{"@type":"WebPage","@id":"https:\/\/communia.de\/en\/oeffentlicher-luxus-in-den-medien\/","url":"https:\/\/communia.de\/en\/oeffentlicher-luxus-in-den-medien\/","name":"\u00d6ffentlicher Luxus in den Medien - communia","isPartOf":{"@id":"https:\/\/communia.de\/en\/#website"},"primaryImageOfPage":{"@id":"https:\/\/communia.de\/en\/oeffentlicher-luxus-in-den-medien\/#primaryimage"},"image":{"@id":"https:\/\/communia.de\/en\/oeffentlicher-luxus-in-den-medien\/#primaryimage"},"thumbnailUrl":"https:\/\/communia.de\/wp-content\/uploads\/kier-in-sight-archives-s99bwKNke8g-unsplash-scaled.jpg","datePublished":"2023-12-13T11:32:56+00:00","dateModified":"2024-01-25T18:18:20+00:00","description":"Wie wird Zukunft wieder zur Verhei\u00dfung? Einige Highlights aus den Medien zu unserem Buch \"\u00d6ffentlicher Luxus\"!","breadcrumb":{"@id":"https:\/\/communia.de\/en\/oeffentlicher-luxus-in-den-medien\/#breadcrumb"},"inLanguage":"en-US","potentialAction":[{"@type":"ReadAction","target":["https:\/\/communia.de\/en\/oeffentlicher-luxus-in-den-medien\/"]}]},{"@type":"ImageObject","inLanguage":"en-US","@id":"https:\/\/communia.de\/en\/oeffentlicher-luxus-in-den-medien\/#primaryimage","url":"https:\/\/communia.de\/wp-content\/uploads\/kier-in-sight-archives-s99bwKNke8g-unsplash-scaled.jpg","contentUrl":"https:\/\/communia.de\/wp-content\/uploads\/kier-in-sight-archives-s99bwKNke8g-unsplash-scaled.jpg","width":2560,"height":1439,"caption":"Credit: \"Kier in Sight Archives\" via Unsplash"},{"@type":"BreadcrumbList","@id":"https:\/\/communia.de\/en\/oeffentlicher-luxus-in-den-medien\/#breadcrumb","itemListElement":[{"@type":"ListItem","position":1,"name":"Startseite","item":"https:\/\/communia.de\/en\/"},{"@type":"ListItem","position":2,"name":"\u00d6ffentlicher Luxus in den Medien"}]},{"@type":"WebSite","@id":"https:\/\/communia.de\/en\/#website","url":"https:\/\/communia.de\/en\/","name":"communia","description":"F\u00fcr eine Wirtschaft, die uns allen geh\u00f6rt.","publisher":{"@id":"https:\/\/communia.de\/en\/#organization"},"potentialAction":[{"@type":"SearchAction","target":{"@type":"EntryPoint","urlTemplate":"https:\/\/communia.de\/en\/?s={search_term_string}"},"query-input":{"@type":"PropertyValueSpecification","valueRequired":true,"valueName":"search_term_string"}}],"inLanguage":"en-US"},{"@type":"Organization","@id":"https:\/\/communia.de\/en\/#organization","name":"communia","url":"https:\/\/communia.de\/en\/","logo":{"@type":"ImageObject","inLanguage":"en-US","@id":"https:\/\/communia.de\/en\/#\/schema\/logo\/image\/","url":"https:\/\/communia.de\/wp-content\/uploads\/cropped-communia-icon-rot.png","contentUrl":"https:\/\/communia.de\/wp-content\/uploads\/cropped-communia-icon-rot.png","width":512,"height":512,"caption":"communia"},"image":{"@id":"https:\/\/communia.de\/en\/#\/schema\/logo\/image\/"},"sameAs":["https:\/\/x.com\/communiade","https:\/\/www.instagram.com\/communia_de\/"]},{"@type":"Person","@id":"https:\/\/communia.de\/en\/#\/schema\/person\/a6686cee03cde2d4e840671635a3118c","name":"Lukas","image":{"@type":"ImageObject","inLanguage":"en-US","@id":"https:\/\/secure.gravatar.com\/avatar\/6132fe3365ea25ce8dd276c330eb5079d6c598bb334616e05445ef65c8caf3c6?s=96&d=mm&r=g","url":"https:\/\/secure.gravatar.com\/avatar\/6132fe3365ea25ce8dd276c330eb5079d6c598bb334616e05445ef65c8caf3c6?s=96&d=mm&r=g","contentUrl":"https:\/\/secure.gravatar.com\/avatar\/6132fe3365ea25ce8dd276c330eb5079d6c598bb334616e05445ef65c8caf3c6?s=96&d=mm&r=g","caption":"Lukas"},"url":"https:\/\/communia.de\/en\/author\/lukas\/"}]}},"_links":{"self":[{"href":"https:\/\/communia.de\/en\/wp-json\/wp\/v2\/posts\/395026","targetHints":{"allow":["GET"]}}],"collection":[{"href":"https:\/\/communia.de\/en\/wp-json\/wp\/v2\/posts"}],"about":[{"href":"https:\/\/communia.de\/en\/wp-json\/wp\/v2\/types\/post"}],"author":[{"embeddable":true,"href":"https:\/\/communia.de\/en\/wp-json\/wp\/v2\/users\/5"}],"replies":[{"embeddable":true,"href":"https:\/\/communia.de\/en\/wp-json\/wp\/v2\/comments?post=395026"}],"version-history":[{"count":1,"href":"https:\/\/communia.de\/en\/wp-json\/wp\/v2\/posts\/395026\/revisions"}],"predecessor-version":[{"id":395027,"href":"https:\/\/communia.de\/en\/wp-json\/wp\/v2\/posts\/395026\/revisions\/395027"}],"wp:featuredmedia":[{"embeddable":true,"href":"https:\/\/communia.de\/en\/wp-json\/wp\/v2\/media\/394797"}],"wp:attachment":[{"href":"https:\/\/communia.de\/en\/wp-json\/wp\/v2\/media?parent=395026"}],"wp:term":[{"taxonomy":"category","embeddable":true,"href":"https:\/\/communia.de\/en\/wp-json\/wp\/v2\/categories?post=395026"},{"taxonomy":"post_tag","embeddable":true,"href":"https:\/\/communia.de\/en\/wp-json\/wp\/v2\/tags?post=395026"}],"curies":[{"name":"wp","href":"https:\/\/api.w.org\/{rel}","templated":true}]}}