{"id":395048,"date":"2022-11-30T18:16:52","date_gmt":"2022-11-30T17:16:52","guid":{"rendered":"https:\/\/communia.de\/vergesellschaftungskonferenz-in-den-medien\/"},"modified":"2022-11-30T18:16:52","modified_gmt":"2022-11-30T17:16:52","slug":"vergesellschaftungskonferenz-in-den-medien","status":"publish","type":"post","link":"https:\/\/communia.de\/en\/vergesellschaftungskonferenz-in-den-medien\/","title":{"rendered":"Vergesellschaftungskonferenz in den Medien"},"content":{"rendered":"\r\n<p>Die <a href=\"http:\/\/www.vergesellschaftungskonferenz.de\" target=\"_blank\" rel=\"noreferrer noopener\">Vergesellschaftungskonferenz<\/a>, die communia mit Partnern vom 7.-9. Oktober in Berlin veranstaltet hat, hat ein sehr positives Echo in den Medien gefunden. Anhand einiger besonders interessanter Beitr\u00e4ge laden wir zum Zur\u00fcckerinnern oder Nachlesen ein.<\/p>\r\n\r\n\r\n\r\n<blockquote class=\"wp-block-quote is-layout-flow wp-block-quote-is-layout-flow\">\r\n<p>Die Idee der Vergesellschaftung ist in der politischen Linken zur\u00fcck. Davon zeugt, dass sich am Wochenende laut Ver\u00adan\u00adstal\u00adte\u00adr:in\u00adnen 1.000 junge und studentische Zu\u00adh\u00f6\u00adre\u00adr:in\u00adnen in den H\u00f6rs\u00e4len der Technischen Universit\u00e4t einfanden, um den Vortr\u00e4gen der Vergesellschaftungskonferenz zu lauschen, die dort unter dem Motto \u201eStrategien f\u00fcr eine demokratische Wirtschaft\u201c tagte. Das erkl\u00e4rte Ziel: Eine \u201ebundesweite Vergesellschaftungsbewegung\u201c. \u201eF\u00fcr uns stellt Vergesellschaftung den Kern einer neuen linken Politik dar\u201c, sagte ein Sprecher des Organisationsteams gleich zu Beginn.<\/p>\r\n<cite><a href=\"https:\/\/taz.de\/Vision-einer-neuen-linken-Politik\/!5884441\/\" target=\"_blank\" rel=\"noreferrer noopener\">09.10.2022: Timm K\u00fchn in der taz.<\/a><\/cite><\/blockquote>\r\n\r\n\r\n\r\n<blockquote class=\"wp-block-quote is-layout-flow wp-block-quote-is-layout-flow\">\r\n<p>Mir macht so eine Konferenz, die einen ganz anderen Horizont als die Abwehrk\u00e4mpfe der vergangenen Jahrzehnte hat, Hoffnung. Ich glaube, das ging vielen so. Aber am meisten Hoffnung machen mir die leisen, die realistischen T\u00f6ne. [&#8230;] Wenn wir es mit Vergesellschaftung ernst meinen, m\u00fcssen wir uns ehrlich damit machen, wie viel Macht wir erst noch aufbauen m\u00fcssen und dass eine Demokratisierung kein Selbstl\u00e4ufer ist. Das Kapital wird sich sein Eigentum nicht einfach wegnehmen lassen. Die Konferenz war ein massiver Fortschritt f\u00fcr eine gegen Konzernmacht k\u00e4mpfende Vergesellschaftungsbewegung.<\/p>\r\n<cite><a href=\"https:\/\/www.freitag.de\/autoren\/nina-scholz\/vergesellschaftungskonferenz-in-berlin-macht-hoffnung\" target=\"_blank\" rel=\"noreferrer noopener\">13.10.2022: Nina Scholz im Freitag.<\/a><\/cite><\/blockquote>\r\n\r\n\r\n\r\n<blockquote class=\"wp-block-quote is-layout-flow wp-block-quote-is-layout-flow\">\r\n<p>Wenn man die Vergesellschaftungskonferenz selbst als Vorschein einer postkapitalistischen Gesellschaft nach der Transformation sehen will, dann ist diese professionell organisiert, inhaltlich ambitioniert, politisch radikal und stets solidarisch wertsch\u00e4tzend in einem kritischen Dialog \u00fcber die eigene Praxis. Die Tagung hat dabei zentrale Debattenstr\u00e4nge der kritischen Wissenschaft und der sozialen Bewegungen aufgegriffen, die in den vergangenen Jahren zu einer Erneuerung linker Politik beigetragen haben. Vergesellschaftung als Fluchtpunkt war breit und gleichzeitig eng genug gefasst, um drei Tage lang produktiv und solidarisch miteinander zu streiten \u2013 was wohl eine der zentralen Dimensionen einer demokratisierten Wirtschaft kennzeichnen d\u00fcrfte.<\/p>\r\n<cite><a href=\"https:\/\/www.nd-aktuell.de\/artikel\/1167697.vergesellschaftung-better-believe-the-hype.html\" target=\"_blank\" rel=\"noreferrer noopener\">14.10.2022: Tabea Latocha im nd.<\/a><\/cite><\/blockquote>\r\n\r\n\r\n\r\n<p>&nbsp;<\/p>\r\n\r\n\r\n\r\n<p>&nbsp;<\/p>\r\n\r\n\r\n\r\n<figure class=\"wp-block-embed is-type-rich is-provider-twitter wp-block-embed-twitter\">\r\n<div class=\"wp-block-embed__wrapper\">https:\/\/twitter.com\/bini_adamczak\/status\/1579098101289308160<\/div>\r\n<\/figure>\r\n","protected":false},"excerpt":{"rendered":"<p>Die Vergesellschaftungskonferenz, die communia mit Partnern vom 7.-9. Oktober in Berlin veranstaltet hat, hat ein sehr positives Echo in den Medien gefunden. Anhand einiger besonders interessanter Beitr\u00e4ge laden wir zum Zur\u00fcckerinnern oder Nachlesen ein. Die Idee der Vergesellschaftung ist in der politischen Linken zur\u00fcck. Davon zeugt, dass sich am Wochenende laut Ver\u00adan\u00adstal\u00adte\u00adr:in\u00adnen 1.000 junge und [&hellip;]<\/p>\n","protected":false},"author":5,"featured_media":394692,"comment_status":"closed","ping_status":"closed","sticky":false,"template":"","format":"standard","meta":{"_acf_changed":false,"_et_pb_use_builder":"","_et_pb_old_content":"","_et_gb_content_width":"","footnotes":""},"categories":[44,48],"tags":[],"class_list":["post-395048","post","type-post","status-publish","format-standard","has-post-thumbnail","hentry","category-medien-en","category-vgk-22-en"],"acf":[],"yoast_head":"<!-- This site is optimized with the Yoast SEO plugin v27.4 - https:\/\/yoast.com\/product\/yoast-seo-wordpress\/ -->\n<title>Vergesellschaftungskonferenz in den Medien - communia<\/title>\n<meta name=\"robots\" content=\"index, follow, max-snippet:-1, max-image-preview:large, max-video-preview:-1\" \/>\n<link rel=\"canonical\" href=\"https:\/\/communia.de\/en\/vergesellschaftungskonferenz-in-den-medien\/\" \/>\n<meta property=\"og:locale\" content=\"en_US\" \/>\n<meta property=\"og:type\" content=\"article\" \/>\n<meta property=\"og:title\" content=\"Vergesellschaftungskonferenz in den Medien - communia\" \/>\n<meta property=\"og:description\" content=\"Die Vergesellschaftungskonferenz, die communia mit Partnern vom 7.-9. Oktober in Berlin veranstaltet hat, hat ein sehr positives Echo in den Medien gefunden. Anhand einiger besonders interessanter Beitr\u00e4ge laden wir zum Zur\u00fcckerinnern oder Nachlesen ein. Die Idee der Vergesellschaftung ist in der politischen Linken zur\u00fcck. Davon zeugt, dass sich am Wochenende laut Ver\u00adan\u00adstal\u00adte\u00adr:in\u00adnen 1.000 junge und [&hellip;]\" \/>\n<meta property=\"og:url\" content=\"https:\/\/communia.de\/en\/vergesellschaftungskonferenz-in-den-medien\/\" \/>\n<meta property=\"og:site_name\" content=\"communia\" \/>\n<meta property=\"article:published_time\" content=\"2022-11-30T17:16:52+00:00\" \/>\n<meta name=\"author\" content=\"Lukas\" \/>\n<meta name=\"twitter:card\" content=\"summary_large_image\" \/>\n<meta name=\"twitter:creator\" content=\"@communiade\" \/>\n<meta name=\"twitter:site\" content=\"@communiade\" \/>\n<meta name=\"twitter:label1\" content=\"Written by\" \/>\n\t<meta name=\"twitter:data1\" content=\"Lukas\" \/>\n\t<meta name=\"twitter:label2\" content=\"Est. reading time\" \/>\n\t<meta name=\"twitter:data2\" content=\"2 minutes\" \/>\n<script type=\"application\/ld+json\" class=\"yoast-schema-graph\">{\"@context\":\"https:\\\/\\\/schema.org\",\"@graph\":[{\"@type\":\"Article\",\"@id\":\"https:\\\/\\\/communia.de\\\/en\\\/vergesellschaftungskonferenz-in-den-medien\\\/#article\",\"isPartOf\":{\"@id\":\"https:\\\/\\\/communia.de\\\/en\\\/vergesellschaftungskonferenz-in-den-medien\\\/\"},\"author\":{\"name\":\"Lukas\",\"@id\":\"https:\\\/\\\/communia.de\\\/en\\\/#\\\/schema\\\/person\\\/a6686cee03cde2d4e840671635a3118c\"},\"headline\":\"Vergesellschaftungskonferenz in den Medien\",\"datePublished\":\"2022-11-30T17:16:52+00:00\",\"mainEntityOfPage\":{\"@id\":\"https:\\\/\\\/communia.de\\\/en\\\/vergesellschaftungskonferenz-in-den-medien\\\/\"},\"wordCount\":341,\"publisher\":{\"@id\":\"https:\\\/\\\/communia.de\\\/en\\\/#organization\"},\"image\":{\"@id\":\"https:\\\/\\\/communia.de\\\/en\\\/vergesellschaftungskonferenz-in-den-medien\\\/#primaryimage\"},\"thumbnailUrl\":\"https:\\\/\\\/communia.de\\\/wp-content\\\/uploads\\\/2023\\\/10\\\/communia-blog-featured-images-V1_17.jpg\",\"articleSection\":[\"Medien\",\"vgk &#8217;22\"],\"inLanguage\":\"en-US\"},{\"@type\":\"WebPage\",\"@id\":\"https:\\\/\\\/communia.de\\\/en\\\/vergesellschaftungskonferenz-in-den-medien\\\/\",\"url\":\"https:\\\/\\\/communia.de\\\/en\\\/vergesellschaftungskonferenz-in-den-medien\\\/\",\"name\":\"Vergesellschaftungskonferenz in den Medien - communia\",\"isPartOf\":{\"@id\":\"https:\\\/\\\/communia.de\\\/en\\\/#website\"},\"primaryImageOfPage\":{\"@id\":\"https:\\\/\\\/communia.de\\\/en\\\/vergesellschaftungskonferenz-in-den-medien\\\/#primaryimage\"},\"image\":{\"@id\":\"https:\\\/\\\/communia.de\\\/en\\\/vergesellschaftungskonferenz-in-den-medien\\\/#primaryimage\"},\"thumbnailUrl\":\"https:\\\/\\\/communia.de\\\/wp-content\\\/uploads\\\/2023\\\/10\\\/communia-blog-featured-images-V1_17.jpg\",\"datePublished\":\"2022-11-30T17:16:52+00:00\",\"breadcrumb\":{\"@id\":\"https:\\\/\\\/communia.de\\\/en\\\/vergesellschaftungskonferenz-in-den-medien\\\/#breadcrumb\"},\"inLanguage\":\"en-US\",\"potentialAction\":[{\"@type\":\"ReadAction\",\"target\":[\"https:\\\/\\\/communia.de\\\/en\\\/vergesellschaftungskonferenz-in-den-medien\\\/\"]}]},{\"@type\":\"ImageObject\",\"inLanguage\":\"en-US\",\"@id\":\"https:\\\/\\\/communia.de\\\/en\\\/vergesellschaftungskonferenz-in-den-medien\\\/#primaryimage\",\"url\":\"https:\\\/\\\/communia.de\\\/wp-content\\\/uploads\\\/2023\\\/10\\\/communia-blog-featured-images-V1_17.jpg\",\"contentUrl\":\"https:\\\/\\\/communia.de\\\/wp-content\\\/uploads\\\/2023\\\/10\\\/communia-blog-featured-images-V1_17.jpg\",\"width\":1920,\"height\":1080},{\"@type\":\"BreadcrumbList\",\"@id\":\"https:\\\/\\\/communia.de\\\/en\\\/vergesellschaftungskonferenz-in-den-medien\\\/#breadcrumb\",\"itemListElement\":[{\"@type\":\"ListItem\",\"position\":1,\"name\":\"Startseite\",\"item\":\"https:\\\/\\\/communia.de\\\/en\\\/\"},{\"@type\":\"ListItem\",\"position\":2,\"name\":\"Vergesellschaftungskonferenz in den Medien\"}]},{\"@type\":\"WebSite\",\"@id\":\"https:\\\/\\\/communia.de\\\/en\\\/#website\",\"url\":\"https:\\\/\\\/communia.de\\\/en\\\/\",\"name\":\"communia\",\"description\":\"F\u00fcr eine Wirtschaft, die uns allen geh\u00f6rt.\",\"publisher\":{\"@id\":\"https:\\\/\\\/communia.de\\\/en\\\/#organization\"},\"potentialAction\":[{\"@type\":\"SearchAction\",\"target\":{\"@type\":\"EntryPoint\",\"urlTemplate\":\"https:\\\/\\\/communia.de\\\/en\\\/?s={search_term_string}\"},\"query-input\":{\"@type\":\"PropertyValueSpecification\",\"valueRequired\":true,\"valueName\":\"search_term_string\"}}],\"inLanguage\":\"en-US\"},{\"@type\":\"Organization\",\"@id\":\"https:\\\/\\\/communia.de\\\/en\\\/#organization\",\"name\":\"communia\",\"url\":\"https:\\\/\\\/communia.de\\\/en\\\/\",\"logo\":{\"@type\":\"ImageObject\",\"inLanguage\":\"en-US\",\"@id\":\"https:\\\/\\\/communia.de\\\/en\\\/#\\\/schema\\\/logo\\\/image\\\/\",\"url\":\"https:\\\/\\\/communia.de\\\/wp-content\\\/uploads\\\/cropped-communia-icon-rot.png\",\"contentUrl\":\"https:\\\/\\\/communia.de\\\/wp-content\\\/uploads\\\/cropped-communia-icon-rot.png\",\"width\":512,\"height\":512,\"caption\":\"communia\"},\"image\":{\"@id\":\"https:\\\/\\\/communia.de\\\/en\\\/#\\\/schema\\\/logo\\\/image\\\/\"},\"sameAs\":[\"https:\\\/\\\/x.com\\\/communiade\",\"https:\\\/\\\/www.instagram.com\\\/communia_de\\\/\"]},{\"@type\":\"Person\",\"@id\":\"https:\\\/\\\/communia.de\\\/en\\\/#\\\/schema\\\/person\\\/a6686cee03cde2d4e840671635a3118c\",\"name\":\"Lukas\",\"image\":{\"@type\":\"ImageObject\",\"inLanguage\":\"en-US\",\"@id\":\"https:\\\/\\\/secure.gravatar.com\\\/avatar\\\/6132fe3365ea25ce8dd276c330eb5079d6c598bb334616e05445ef65c8caf3c6?s=96&d=mm&r=g\",\"url\":\"https:\\\/\\\/secure.gravatar.com\\\/avatar\\\/6132fe3365ea25ce8dd276c330eb5079d6c598bb334616e05445ef65c8caf3c6?s=96&d=mm&r=g\",\"contentUrl\":\"https:\\\/\\\/secure.gravatar.com\\\/avatar\\\/6132fe3365ea25ce8dd276c330eb5079d6c598bb334616e05445ef65c8caf3c6?s=96&d=mm&r=g\",\"caption\":\"Lukas\"},\"url\":\"https:\\\/\\\/communia.de\\\/en\\\/author\\\/lukas\\\/\"}]}<\/script>\n<!-- \/ Yoast SEO plugin. -->","yoast_head_json":{"title":"Vergesellschaftungskonferenz in den Medien - communia","robots":{"index":"index","follow":"follow","max-snippet":"max-snippet:-1","max-image-preview":"max-image-preview:large","max-video-preview":"max-video-preview:-1"},"canonical":"https:\/\/communia.de\/en\/vergesellschaftungskonferenz-in-den-medien\/","og_locale":"en_US","og_type":"article","og_title":"Vergesellschaftungskonferenz in den Medien - communia","og_description":"Die Vergesellschaftungskonferenz, die communia mit Partnern vom 7.-9. Oktober in Berlin veranstaltet hat, hat ein sehr positives Echo in den Medien gefunden. Anhand einiger besonders interessanter Beitr\u00e4ge laden wir zum Zur\u00fcckerinnern oder Nachlesen ein. Die Idee der Vergesellschaftung ist in der politischen Linken zur\u00fcck. Davon zeugt, dass sich am Wochenende laut Ver\u00adan\u00adstal\u00adte\u00adr:in\u00adnen 1.000 junge und [&hellip;]","og_url":"https:\/\/communia.de\/en\/vergesellschaftungskonferenz-in-den-medien\/","og_site_name":"communia","article_published_time":"2022-11-30T17:16:52+00:00","author":"Lukas","twitter_card":"summary_large_image","twitter_creator":"@communiade","twitter_site":"@communiade","twitter_misc":{"Written by":"Lukas","Est. reading time":"2 minutes"},"schema":{"@context":"https:\/\/schema.org","@graph":[{"@type":"Article","@id":"https:\/\/communia.de\/en\/vergesellschaftungskonferenz-in-den-medien\/#article","isPartOf":{"@id":"https:\/\/communia.de\/en\/vergesellschaftungskonferenz-in-den-medien\/"},"author":{"name":"Lukas","@id":"https:\/\/communia.de\/en\/#\/schema\/person\/a6686cee03cde2d4e840671635a3118c"},"headline":"Vergesellschaftungskonferenz in den Medien","datePublished":"2022-11-30T17:16:52+00:00","mainEntityOfPage":{"@id":"https:\/\/communia.de\/en\/vergesellschaftungskonferenz-in-den-medien\/"},"wordCount":341,"publisher":{"@id":"https:\/\/communia.de\/en\/#organization"},"image":{"@id":"https:\/\/communia.de\/en\/vergesellschaftungskonferenz-in-den-medien\/#primaryimage"},"thumbnailUrl":"https:\/\/communia.de\/wp-content\/uploads\/2023\/10\/communia-blog-featured-images-V1_17.jpg","articleSection":["Medien","vgk &#8217;22"],"inLanguage":"en-US"},{"@type":"WebPage","@id":"https:\/\/communia.de\/en\/vergesellschaftungskonferenz-in-den-medien\/","url":"https:\/\/communia.de\/en\/vergesellschaftungskonferenz-in-den-medien\/","name":"Vergesellschaftungskonferenz in den Medien - communia","isPartOf":{"@id":"https:\/\/communia.de\/en\/#website"},"primaryImageOfPage":{"@id":"https:\/\/communia.de\/en\/vergesellschaftungskonferenz-in-den-medien\/#primaryimage"},"image":{"@id":"https:\/\/communia.de\/en\/vergesellschaftungskonferenz-in-den-medien\/#primaryimage"},"thumbnailUrl":"https:\/\/communia.de\/wp-content\/uploads\/2023\/10\/communia-blog-featured-images-V1_17.jpg","datePublished":"2022-11-30T17:16:52+00:00","breadcrumb":{"@id":"https:\/\/communia.de\/en\/vergesellschaftungskonferenz-in-den-medien\/#breadcrumb"},"inLanguage":"en-US","potentialAction":[{"@type":"ReadAction","target":["https:\/\/communia.de\/en\/vergesellschaftungskonferenz-in-den-medien\/"]}]},{"@type":"ImageObject","inLanguage":"en-US","@id":"https:\/\/communia.de\/en\/vergesellschaftungskonferenz-in-den-medien\/#primaryimage","url":"https:\/\/communia.de\/wp-content\/uploads\/2023\/10\/communia-blog-featured-images-V1_17.jpg","contentUrl":"https:\/\/communia.de\/wp-content\/uploads\/2023\/10\/communia-blog-featured-images-V1_17.jpg","width":1920,"height":1080},{"@type":"BreadcrumbList","@id":"https:\/\/communia.de\/en\/vergesellschaftungskonferenz-in-den-medien\/#breadcrumb","itemListElement":[{"@type":"ListItem","position":1,"name":"Startseite","item":"https:\/\/communia.de\/en\/"},{"@type":"ListItem","position":2,"name":"Vergesellschaftungskonferenz in den Medien"}]},{"@type":"WebSite","@id":"https:\/\/communia.de\/en\/#website","url":"https:\/\/communia.de\/en\/","name":"communia","description":"F\u00fcr eine Wirtschaft, die uns allen geh\u00f6rt.","publisher":{"@id":"https:\/\/communia.de\/en\/#organization"},"potentialAction":[{"@type":"SearchAction","target":{"@type":"EntryPoint","urlTemplate":"https:\/\/communia.de\/en\/?s={search_term_string}"},"query-input":{"@type":"PropertyValueSpecification","valueRequired":true,"valueName":"search_term_string"}}],"inLanguage":"en-US"},{"@type":"Organization","@id":"https:\/\/communia.de\/en\/#organization","name":"communia","url":"https:\/\/communia.de\/en\/","logo":{"@type":"ImageObject","inLanguage":"en-US","@id":"https:\/\/communia.de\/en\/#\/schema\/logo\/image\/","url":"https:\/\/communia.de\/wp-content\/uploads\/cropped-communia-icon-rot.png","contentUrl":"https:\/\/communia.de\/wp-content\/uploads\/cropped-communia-icon-rot.png","width":512,"height":512,"caption":"communia"},"image":{"@id":"https:\/\/communia.de\/en\/#\/schema\/logo\/image\/"},"sameAs":["https:\/\/x.com\/communiade","https:\/\/www.instagram.com\/communia_de\/"]},{"@type":"Person","@id":"https:\/\/communia.de\/en\/#\/schema\/person\/a6686cee03cde2d4e840671635a3118c","name":"Lukas","image":{"@type":"ImageObject","inLanguage":"en-US","@id":"https:\/\/secure.gravatar.com\/avatar\/6132fe3365ea25ce8dd276c330eb5079d6c598bb334616e05445ef65c8caf3c6?s=96&d=mm&r=g","url":"https:\/\/secure.gravatar.com\/avatar\/6132fe3365ea25ce8dd276c330eb5079d6c598bb334616e05445ef65c8caf3c6?s=96&d=mm&r=g","contentUrl":"https:\/\/secure.gravatar.com\/avatar\/6132fe3365ea25ce8dd276c330eb5079d6c598bb334616e05445ef65c8caf3c6?s=96&d=mm&r=g","caption":"Lukas"},"url":"https:\/\/communia.de\/en\/author\/lukas\/"}]}},"_links":{"self":[{"href":"https:\/\/communia.de\/en\/wp-json\/wp\/v2\/posts\/395048","targetHints":{"allow":["GET"]}}],"collection":[{"href":"https:\/\/communia.de\/en\/wp-json\/wp\/v2\/posts"}],"about":[{"href":"https:\/\/communia.de\/en\/wp-json\/wp\/v2\/types\/post"}],"author":[{"embeddable":true,"href":"https:\/\/communia.de\/en\/wp-json\/wp\/v2\/users\/5"}],"replies":[{"embeddable":true,"href":"https:\/\/communia.de\/en\/wp-json\/wp\/v2\/comments?post=395048"}],"version-history":[{"count":0,"href":"https:\/\/communia.de\/en\/wp-json\/wp\/v2\/posts\/395048\/revisions"}],"wp:featuredmedia":[{"embeddable":true,"href":"https:\/\/communia.de\/en\/wp-json\/wp\/v2\/media\/394692"}],"wp:attachment":[{"href":"https:\/\/communia.de\/en\/wp-json\/wp\/v2\/media?parent=395048"}],"wp:term":[{"taxonomy":"category","embeddable":true,"href":"https:\/\/communia.de\/en\/wp-json\/wp\/v2\/categories?post=395048"},{"taxonomy":"post_tag","embeddable":true,"href":"https:\/\/communia.de\/en\/wp-json\/wp\/v2\/tags?post=395048"}],"curies":[{"name":"wp","href":"https:\/\/api.w.org\/{rel}","templated":true}]}}