{"id":395054,"date":"2022-09-18T11:47:51","date_gmt":"2022-09-18T09:47:51","guid":{"rendered":"https:\/\/communia.de\/communia-im-podcast\/"},"modified":"2022-09-18T11:47:51","modified_gmt":"2022-09-18T09:47:51","slug":"communia-im-podcast","status":"publish","type":"post","link":"https:\/\/communia.de\/en\/communia-im-podcast\/","title":{"rendered":"communia im Podcast"},"content":{"rendered":"\r\n<p>Max und Lemon sind zu Gast bei &#8220;<a href=\"https:\/\/www.futurehistories.today\/\" target=\"_blank\" rel=\"noreferrer noopener\">Future Histories<\/a>&#8220;. Sie stellen die <a href=\"http:\/\/www.vergesellschaftungskonferenz.de\" target=\"_blank\" rel=\"noreferrer noopener\">Vergesellschaftungskonferenz<\/a> vor &#8211; &#8220;das Event des Jahres&#8221;, wie Moderator Jan es treffend formuliert &#8211; und erz\u00e4hlen, was es mit Vergesellschaftung, demokratischer Wirtschaft und \u00d6ffentlichem Luxus auf sich hat. H\u00f6rt es euch an &#8211; es lohnt sich!<\/p>\r\n\r\n\r\n\r\n<p><iframe loading=\"lazy\" style=\"border: none; min-width: min(100%, 430px);\" title=\"S02E29 - Max und Lemon von communia zu Vergesellschaftung und demokratischer Wirtschaft\" src=\"https:\/\/www.podbean.com\/player-v2\/?i=z2u3a-12bab8f-pb&amp;from=pb6admin&amp;share=1&amp;download=1&amp;rtl=0&amp;fonts=Arial&amp;skin=1&amp;font-color=&amp;logo_link=episode_page&amp;btn-skin=2\" width=\"100%\" height=\"150\" scrolling=\"no\" data-name=\"pb-iframe-player\"><\/iframe><\/p>\r\n","protected":false},"excerpt":{"rendered":"<p>Max und Lemon sind zu Gast bei &#8220;Future Histories&#8220;. Sie stellen die Vergesellschaftungskonferenz vor &#8211; &#8220;das Event des Jahres&#8221;, wie Moderator Jan es treffend formuliert &#8211; und erz\u00e4hlen, was es mit Vergesellschaftung, demokratischer Wirtschaft und \u00d6ffentlichem Luxus auf sich hat. H\u00f6rt es euch an &#8211; es lohnt sich!<\/p>\n","protected":false},"author":5,"featured_media":394778,"comment_status":"closed","ping_status":"closed","sticky":false,"template":"","format":"standard","meta":{"_acf_changed":false,"_et_pb_use_builder":"","_et_pb_old_content":"","_et_gb_content_width":"","footnotes":""},"categories":[44],"tags":[],"class_list":["post-395054","post","type-post","status-publish","format-standard","has-post-thumbnail","hentry","category-medien-en"],"acf":[],"yoast_head":"<!-- This site is optimized with the Yoast SEO plugin v27.4 - https:\/\/yoast.com\/product\/yoast-seo-wordpress\/ -->\n<title>communia im Podcast - communia<\/title>\n<meta name=\"robots\" content=\"index, follow, max-snippet:-1, max-image-preview:large, max-video-preview:-1\" \/>\n<link rel=\"canonical\" href=\"https:\/\/communia.de\/en\/communia-im-podcast\/\" \/>\n<meta property=\"og:locale\" content=\"en_US\" \/>\n<meta property=\"og:type\" content=\"article\" \/>\n<meta property=\"og:title\" content=\"communia im Podcast - communia\" \/>\n<meta property=\"og:description\" content=\"Max und Lemon sind zu Gast bei &#8220;Future Histories&#8220;. Sie stellen die Vergesellschaftungskonferenz vor &#8211; &#8220;das Event des Jahres&#8221;, wie Moderator Jan es treffend formuliert &#8211; und erz\u00e4hlen, was es mit Vergesellschaftung, demokratischer Wirtschaft und \u00d6ffentlichem Luxus auf sich hat. H\u00f6rt es euch an &#8211; es lohnt sich!\" \/>\n<meta property=\"og:url\" content=\"https:\/\/communia.de\/en\/communia-im-podcast\/\" \/>\n<meta property=\"og:site_name\" content=\"communia\" \/>\n<meta property=\"article:published_time\" content=\"2022-09-18T09:47:51+00:00\" \/>\n<meta name=\"author\" content=\"Lukas\" \/>\n<meta name=\"twitter:card\" content=\"summary_large_image\" \/>\n<meta name=\"twitter:creator\" content=\"@communiade\" \/>\n<meta name=\"twitter:site\" content=\"@communiade\" \/>\n<meta name=\"twitter:label1\" content=\"Written by\" \/>\n\t<meta name=\"twitter:data1\" content=\"Lukas\" \/>\n<script type=\"application\/ld+json\" class=\"yoast-schema-graph\">{\"@context\":\"https:\\\/\\\/schema.org\",\"@graph\":[{\"@type\":\"Article\",\"@id\":\"https:\\\/\\\/communia.de\\\/en\\\/communia-im-podcast\\\/#article\",\"isPartOf\":{\"@id\":\"https:\\\/\\\/communia.de\\\/en\\\/communia-im-podcast\\\/\"},\"author\":{\"name\":\"Lukas\",\"@id\":\"https:\\\/\\\/communia.de\\\/en\\\/#\\\/schema\\\/person\\\/a6686cee03cde2d4e840671635a3118c\"},\"headline\":\"communia im Podcast\",\"datePublished\":\"2022-09-18T09:47:51+00:00\",\"mainEntityOfPage\":{\"@id\":\"https:\\\/\\\/communia.de\\\/en\\\/communia-im-podcast\\\/\"},\"wordCount\":53,\"publisher\":{\"@id\":\"https:\\\/\\\/communia.de\\\/en\\\/#organization\"},\"image\":{\"@id\":\"https:\\\/\\\/communia.de\\\/en\\\/communia-im-podcast\\\/#primaryimage\"},\"thumbnailUrl\":\"https:\\\/\\\/communia.de\\\/wp-content\\\/uploads\\\/2022\\\/09\\\/communia-blog-featured-images-V1_22.jpg\",\"articleSection\":[\"Medien\"],\"inLanguage\":\"en-US\"},{\"@type\":\"WebPage\",\"@id\":\"https:\\\/\\\/communia.de\\\/en\\\/communia-im-podcast\\\/\",\"url\":\"https:\\\/\\\/communia.de\\\/en\\\/communia-im-podcast\\\/\",\"name\":\"communia im Podcast - communia\",\"isPartOf\":{\"@id\":\"https:\\\/\\\/communia.de\\\/en\\\/#website\"},\"primaryImageOfPage\":{\"@id\":\"https:\\\/\\\/communia.de\\\/en\\\/communia-im-podcast\\\/#primaryimage\"},\"image\":{\"@id\":\"https:\\\/\\\/communia.de\\\/en\\\/communia-im-podcast\\\/#primaryimage\"},\"thumbnailUrl\":\"https:\\\/\\\/communia.de\\\/wp-content\\\/uploads\\\/2022\\\/09\\\/communia-blog-featured-images-V1_22.jpg\",\"datePublished\":\"2022-09-18T09:47:51+00:00\",\"breadcrumb\":{\"@id\":\"https:\\\/\\\/communia.de\\\/en\\\/communia-im-podcast\\\/#breadcrumb\"},\"inLanguage\":\"en-US\",\"potentialAction\":[{\"@type\":\"ReadAction\",\"target\":[\"https:\\\/\\\/communia.de\\\/en\\\/communia-im-podcast\\\/\"]}]},{\"@type\":\"ImageObject\",\"inLanguage\":\"en-US\",\"@id\":\"https:\\\/\\\/communia.de\\\/en\\\/communia-im-podcast\\\/#primaryimage\",\"url\":\"https:\\\/\\\/communia.de\\\/wp-content\\\/uploads\\\/2022\\\/09\\\/communia-blog-featured-images-V1_22.jpg\",\"contentUrl\":\"https:\\\/\\\/communia.de\\\/wp-content\\\/uploads\\\/2022\\\/09\\\/communia-blog-featured-images-V1_22.jpg\",\"width\":1920,\"height\":1080},{\"@type\":\"BreadcrumbList\",\"@id\":\"https:\\\/\\\/communia.de\\\/en\\\/communia-im-podcast\\\/#breadcrumb\",\"itemListElement\":[{\"@type\":\"ListItem\",\"position\":1,\"name\":\"Startseite\",\"item\":\"https:\\\/\\\/communia.de\\\/en\\\/\"},{\"@type\":\"ListItem\",\"position\":2,\"name\":\"communia im Podcast\"}]},{\"@type\":\"WebSite\",\"@id\":\"https:\\\/\\\/communia.de\\\/en\\\/#website\",\"url\":\"https:\\\/\\\/communia.de\\\/en\\\/\",\"name\":\"communia\",\"description\":\"F\u00fcr eine Wirtschaft, die uns allen geh\u00f6rt.\",\"publisher\":{\"@id\":\"https:\\\/\\\/communia.de\\\/en\\\/#organization\"},\"potentialAction\":[{\"@type\":\"SearchAction\",\"target\":{\"@type\":\"EntryPoint\",\"urlTemplate\":\"https:\\\/\\\/communia.de\\\/en\\\/?s={search_term_string}\"},\"query-input\":{\"@type\":\"PropertyValueSpecification\",\"valueRequired\":true,\"valueName\":\"search_term_string\"}}],\"inLanguage\":\"en-US\"},{\"@type\":\"Organization\",\"@id\":\"https:\\\/\\\/communia.de\\\/en\\\/#organization\",\"name\":\"communia\",\"url\":\"https:\\\/\\\/communia.de\\\/en\\\/\",\"logo\":{\"@type\":\"ImageObject\",\"inLanguage\":\"en-US\",\"@id\":\"https:\\\/\\\/communia.de\\\/en\\\/#\\\/schema\\\/logo\\\/image\\\/\",\"url\":\"https:\\\/\\\/communia.de\\\/wp-content\\\/uploads\\\/cropped-communia-icon-rot.png\",\"contentUrl\":\"https:\\\/\\\/communia.de\\\/wp-content\\\/uploads\\\/cropped-communia-icon-rot.png\",\"width\":512,\"height\":512,\"caption\":\"communia\"},\"image\":{\"@id\":\"https:\\\/\\\/communia.de\\\/en\\\/#\\\/schema\\\/logo\\\/image\\\/\"},\"sameAs\":[\"https:\\\/\\\/x.com\\\/communiade\",\"https:\\\/\\\/www.instagram.com\\\/communia_de\\\/\"]},{\"@type\":\"Person\",\"@id\":\"https:\\\/\\\/communia.de\\\/en\\\/#\\\/schema\\\/person\\\/a6686cee03cde2d4e840671635a3118c\",\"name\":\"Lukas\",\"image\":{\"@type\":\"ImageObject\",\"inLanguage\":\"en-US\",\"@id\":\"https:\\\/\\\/secure.gravatar.com\\\/avatar\\\/6132fe3365ea25ce8dd276c330eb5079d6c598bb334616e05445ef65c8caf3c6?s=96&d=mm&r=g\",\"url\":\"https:\\\/\\\/secure.gravatar.com\\\/avatar\\\/6132fe3365ea25ce8dd276c330eb5079d6c598bb334616e05445ef65c8caf3c6?s=96&d=mm&r=g\",\"contentUrl\":\"https:\\\/\\\/secure.gravatar.com\\\/avatar\\\/6132fe3365ea25ce8dd276c330eb5079d6c598bb334616e05445ef65c8caf3c6?s=96&d=mm&r=g\",\"caption\":\"Lukas\"},\"url\":\"https:\\\/\\\/communia.de\\\/en\\\/author\\\/lukas\\\/\"}]}<\/script>\n<!-- \/ Yoast SEO plugin. -->","yoast_head_json":{"title":"communia im Podcast - communia","robots":{"index":"index","follow":"follow","max-snippet":"max-snippet:-1","max-image-preview":"max-image-preview:large","max-video-preview":"max-video-preview:-1"},"canonical":"https:\/\/communia.de\/en\/communia-im-podcast\/","og_locale":"en_US","og_type":"article","og_title":"communia im Podcast - communia","og_description":"Max und Lemon sind zu Gast bei &#8220;Future Histories&#8220;. Sie stellen die Vergesellschaftungskonferenz vor &#8211; &#8220;das Event des Jahres&#8221;, wie Moderator Jan es treffend formuliert &#8211; und erz\u00e4hlen, was es mit Vergesellschaftung, demokratischer Wirtschaft und \u00d6ffentlichem Luxus auf sich hat. H\u00f6rt es euch an &#8211; es lohnt sich!","og_url":"https:\/\/communia.de\/en\/communia-im-podcast\/","og_site_name":"communia","article_published_time":"2022-09-18T09:47:51+00:00","author":"Lukas","twitter_card":"summary_large_image","twitter_creator":"@communiade","twitter_site":"@communiade","twitter_misc":{"Written by":"Lukas"},"schema":{"@context":"https:\/\/schema.org","@graph":[{"@type":"Article","@id":"https:\/\/communia.de\/en\/communia-im-podcast\/#article","isPartOf":{"@id":"https:\/\/communia.de\/en\/communia-im-podcast\/"},"author":{"name":"Lukas","@id":"https:\/\/communia.de\/en\/#\/schema\/person\/a6686cee03cde2d4e840671635a3118c"},"headline":"communia im Podcast","datePublished":"2022-09-18T09:47:51+00:00","mainEntityOfPage":{"@id":"https:\/\/communia.de\/en\/communia-im-podcast\/"},"wordCount":53,"publisher":{"@id":"https:\/\/communia.de\/en\/#organization"},"image":{"@id":"https:\/\/communia.de\/en\/communia-im-podcast\/#primaryimage"},"thumbnailUrl":"https:\/\/communia.de\/wp-content\/uploads\/2022\/09\/communia-blog-featured-images-V1_22.jpg","articleSection":["Medien"],"inLanguage":"en-US"},{"@type":"WebPage","@id":"https:\/\/communia.de\/en\/communia-im-podcast\/","url":"https:\/\/communia.de\/en\/communia-im-podcast\/","name":"communia im Podcast - communia","isPartOf":{"@id":"https:\/\/communia.de\/en\/#website"},"primaryImageOfPage":{"@id":"https:\/\/communia.de\/en\/communia-im-podcast\/#primaryimage"},"image":{"@id":"https:\/\/communia.de\/en\/communia-im-podcast\/#primaryimage"},"thumbnailUrl":"https:\/\/communia.de\/wp-content\/uploads\/2022\/09\/communia-blog-featured-images-V1_22.jpg","datePublished":"2022-09-18T09:47:51+00:00","breadcrumb":{"@id":"https:\/\/communia.de\/en\/communia-im-podcast\/#breadcrumb"},"inLanguage":"en-US","potentialAction":[{"@type":"ReadAction","target":["https:\/\/communia.de\/en\/communia-im-podcast\/"]}]},{"@type":"ImageObject","inLanguage":"en-US","@id":"https:\/\/communia.de\/en\/communia-im-podcast\/#primaryimage","url":"https:\/\/communia.de\/wp-content\/uploads\/2022\/09\/communia-blog-featured-images-V1_22.jpg","contentUrl":"https:\/\/communia.de\/wp-content\/uploads\/2022\/09\/communia-blog-featured-images-V1_22.jpg","width":1920,"height":1080},{"@type":"BreadcrumbList","@id":"https:\/\/communia.de\/en\/communia-im-podcast\/#breadcrumb","itemListElement":[{"@type":"ListItem","position":1,"name":"Startseite","item":"https:\/\/communia.de\/en\/"},{"@type":"ListItem","position":2,"name":"communia im Podcast"}]},{"@type":"WebSite","@id":"https:\/\/communia.de\/en\/#website","url":"https:\/\/communia.de\/en\/","name":"communia","description":"F\u00fcr eine Wirtschaft, die uns allen geh\u00f6rt.","publisher":{"@id":"https:\/\/communia.de\/en\/#organization"},"potentialAction":[{"@type":"SearchAction","target":{"@type":"EntryPoint","urlTemplate":"https:\/\/communia.de\/en\/?s={search_term_string}"},"query-input":{"@type":"PropertyValueSpecification","valueRequired":true,"valueName":"search_term_string"}}],"inLanguage":"en-US"},{"@type":"Organization","@id":"https:\/\/communia.de\/en\/#organization","name":"communia","url":"https:\/\/communia.de\/en\/","logo":{"@type":"ImageObject","inLanguage":"en-US","@id":"https:\/\/communia.de\/en\/#\/schema\/logo\/image\/","url":"https:\/\/communia.de\/wp-content\/uploads\/cropped-communia-icon-rot.png","contentUrl":"https:\/\/communia.de\/wp-content\/uploads\/cropped-communia-icon-rot.png","width":512,"height":512,"caption":"communia"},"image":{"@id":"https:\/\/communia.de\/en\/#\/schema\/logo\/image\/"},"sameAs":["https:\/\/x.com\/communiade","https:\/\/www.instagram.com\/communia_de\/"]},{"@type":"Person","@id":"https:\/\/communia.de\/en\/#\/schema\/person\/a6686cee03cde2d4e840671635a3118c","name":"Lukas","image":{"@type":"ImageObject","inLanguage":"en-US","@id":"https:\/\/secure.gravatar.com\/avatar\/6132fe3365ea25ce8dd276c330eb5079d6c598bb334616e05445ef65c8caf3c6?s=96&d=mm&r=g","url":"https:\/\/secure.gravatar.com\/avatar\/6132fe3365ea25ce8dd276c330eb5079d6c598bb334616e05445ef65c8caf3c6?s=96&d=mm&r=g","contentUrl":"https:\/\/secure.gravatar.com\/avatar\/6132fe3365ea25ce8dd276c330eb5079d6c598bb334616e05445ef65c8caf3c6?s=96&d=mm&r=g","caption":"Lukas"},"url":"https:\/\/communia.de\/en\/author\/lukas\/"}]}},"_links":{"self":[{"href":"https:\/\/communia.de\/en\/wp-json\/wp\/v2\/posts\/395054","targetHints":{"allow":["GET"]}}],"collection":[{"href":"https:\/\/communia.de\/en\/wp-json\/wp\/v2\/posts"}],"about":[{"href":"https:\/\/communia.de\/en\/wp-json\/wp\/v2\/types\/post"}],"author":[{"embeddable":true,"href":"https:\/\/communia.de\/en\/wp-json\/wp\/v2\/users\/5"}],"replies":[{"embeddable":true,"href":"https:\/\/communia.de\/en\/wp-json\/wp\/v2\/comments?post=395054"}],"version-history":[{"count":0,"href":"https:\/\/communia.de\/en\/wp-json\/wp\/v2\/posts\/395054\/revisions"}],"wp:featuredmedia":[{"embeddable":true,"href":"https:\/\/communia.de\/en\/wp-json\/wp\/v2\/media\/394778"}],"wp:attachment":[{"href":"https:\/\/communia.de\/en\/wp-json\/wp\/v2\/media?parent=395054"}],"wp:term":[{"taxonomy":"category","embeddable":true,"href":"https:\/\/communia.de\/en\/wp-json\/wp\/v2\/categories?post=395054"},{"taxonomy":"post_tag","embeddable":true,"href":"https:\/\/communia.de\/en\/wp-json\/wp\/v2\/tags?post=395054"}],"curies":[{"name":"wp","href":"https:\/\/api.w.org\/{rel}","templated":true}]}}