{"id":395055,"date":"2022-09-09T13:23:49","date_gmt":"2022-09-09T11:23:49","guid":{"rendered":"https:\/\/communia.de\/vergesellschaftung-im-tv\/"},"modified":"2022-09-09T13:23:49","modified_gmt":"2022-09-09T11:23:49","slug":"vergesellschaftung-im-tv","status":"publish","type":"post","link":"https:\/\/communia.de\/en\/vergesellschaftung-im-tv\/","title":{"rendered":"Vergesellschaftung im TV"},"content":{"rendered":"<div  id=\"_ytid_48358\" class=\"__youtube_prefs__  __youtube_prefs_gdpr__ \" allowfullscreen data-no-lazy=\"1\" data-skipgform_ajax_framebjll=\"\"><p><strong>Um das Video anzusehen, m\u00fcssen Sie Youtube cookies akzeptieren. <\/strong>Bei Zustimmung greifen Sie auf Inhalte der externen Plattform Youtube zu.<\/p>\n<p><a href=\"https:\/\/policies.google.com\/privacy\" target=\"_blank\" rel=\"noopener\">YouTube Datenschutzerkl\u00e4rung<\/a><\/p>\n<p>Wenn Sie zustimmen, speichern wir ihre Auswahl und die Seite l\u00e4d sich neu.<\/p>\n<button type=\"button\" class=\"__youtube_prefs_gdpr__\">Inhalt von Youtube akzeptieren<img decoding=\"async\" src=\"https:\/\/communia.de\/wp-content\/plugins\/youtube-embed-plus\/images\/icon-check.png\" alt=\"accept\" data-no-lazy=\"1\" data-skipgform_ajax_framebjll=\"\" \/><\/button><\/div>\r\n\r\n\r\n<p>In genau einem Monat findet die <a href=\"http:\/\/www.vergesellschaftungskonferenz.de\" target=\"_blank\" rel=\"noreferrer noopener\">Vergesellschaftungskonferenz<\/a> an der TU Berlin statt. Zur Einstimmung hat Franziska Drohsel vom <a href=\"https:\/\/www.solidarische-moderne.de\/\" target=\"_blank\" rel=\"noreferrer noopener\">Institut Solidarische Moderne<\/a> Ralf Hoffrogge (<a href=\"https:\/\/www.dwenteignen.de\/\" target=\"_blank\" rel=\"noreferrer noopener\">Deutsche Wohnen &amp; Co enteignen<\/a>) und Max Wilken (<a href=\"http:\/\/www.communia.de\" target=\"_blank\" rel=\"noreferrer noopener\">communia &#8211; Zentrum demokratische Wirtschaft<\/a> zu einer einst\u00fcndigen Talkshow eingeladen. Live war das Gespr\u00e4ch auf <a href=\"https:\/\/www.alex-berlin.de\/\" target=\"_blank\" rel=\"noreferrer noopener\">Alex Berlin<\/a> zu verfolgen, nun stellen wir das Video zum Nachschauen zur Verf\u00fcgung. Viel Vergn\u00fcgen!<\/p>\r\n\r\n\r\n\r\n<p>Wir freuen uns gemeinsam mit euch bei der Konferenz weiter zu diskutieren: Was k\u00f6nnen wir aus den Debatten in Berlin und dar\u00fcber hinaus f\u00fcr eine linke Politik lernen? Kann Vergesellschaftung als Instrument und politischer Ansatz eine solidarische Antwort auf die vielen gesellschaftlichen Krisen vom Wohnen bis zum Klimawandel sein? Am besten direkt <a href=\"http:\/\/www.vergesellschaftungskonferenz.de\/anmeldung\" target=\"_blank\" rel=\"noreferrer noopener\">anmelden<\/a>!<\/p>\r\n","protected":false},"excerpt":{"rendered":"<p>In genau einem Monat findet die Vergesellschaftungskonferenz an der TU Berlin statt. Zur Einstimmung hat Franziska Drohsel vom Institut Solidarische Moderne Ralf Hoffrogge (Deutsche Wohnen &amp; Co enteignen) und Max Wilken (communia &#8211; Zentrum demokratische Wirtschaft zu einer einst\u00fcndigen Talkshow eingeladen. Live war das Gespr\u00e4ch auf Alex Berlin zu verfolgen, nun stellen wir das Video [&hellip;]<\/p>\n","protected":false},"author":5,"featured_media":394777,"comment_status":"closed","ping_status":"closed","sticky":false,"template":"","format":"standard","meta":{"_acf_changed":false,"_et_pb_use_builder":"","_et_pb_old_content":"","_et_gb_content_width":"","footnotes":""},"categories":[44,48],"tags":[],"class_list":["post-395055","post","type-post","status-publish","format-standard","has-post-thumbnail","hentry","category-medien-en","category-vgk-22-en"],"acf":[],"yoast_head":"<!-- This site is optimized with the Yoast SEO plugin v27.4 - https:\/\/yoast.com\/product\/yoast-seo-wordpress\/ -->\n<title>Vergesellschaftung im TV - communia<\/title>\n<meta name=\"robots\" content=\"index, follow, max-snippet:-1, max-image-preview:large, max-video-preview:-1\" \/>\n<link rel=\"canonical\" href=\"https:\/\/communia.de\/en\/vergesellschaftung-im-tv\/\" \/>\n<meta property=\"og:locale\" content=\"en_US\" \/>\n<meta property=\"og:type\" content=\"article\" \/>\n<meta property=\"og:title\" content=\"Vergesellschaftung im TV - communia\" \/>\n<meta property=\"og:description\" content=\"In genau einem Monat findet die Vergesellschaftungskonferenz an der TU Berlin statt. Zur Einstimmung hat Franziska Drohsel vom Institut Solidarische Moderne Ralf Hoffrogge (Deutsche Wohnen &amp; Co enteignen) und Max Wilken (communia &#8211; Zentrum demokratische Wirtschaft zu einer einst\u00fcndigen Talkshow eingeladen. Live war das Gespr\u00e4ch auf Alex Berlin zu verfolgen, nun stellen wir das Video [&hellip;]\" \/>\n<meta property=\"og:url\" content=\"https:\/\/communia.de\/en\/vergesellschaftung-im-tv\/\" \/>\n<meta property=\"og:site_name\" content=\"communia\" \/>\n<meta property=\"article:published_time\" content=\"2022-09-09T11:23:49+00:00\" \/>\n<meta name=\"author\" content=\"Lukas\" \/>\n<meta name=\"twitter:card\" content=\"summary_large_image\" \/>\n<meta name=\"twitter:creator\" content=\"@communiade\" \/>\n<meta name=\"twitter:site\" content=\"@communiade\" \/>\n<meta name=\"twitter:label1\" content=\"Written by\" \/>\n\t<meta name=\"twitter:data1\" content=\"Lukas\" \/>\n\t<meta name=\"twitter:label2\" content=\"Est. reading time\" \/>\n\t<meta name=\"twitter:data2\" content=\"1 minute\" \/>\n<script type=\"application\/ld+json\" class=\"yoast-schema-graph\">{\"@context\":\"https:\\\/\\\/schema.org\",\"@graph\":[{\"@type\":\"Article\",\"@id\":\"https:\\\/\\\/communia.de\\\/en\\\/vergesellschaftung-im-tv\\\/#article\",\"isPartOf\":{\"@id\":\"https:\\\/\\\/communia.de\\\/en\\\/vergesellschaftung-im-tv\\\/\"},\"author\":{\"name\":\"Lukas\",\"@id\":\"https:\\\/\\\/communia.de\\\/en\\\/#\\\/schema\\\/person\\\/a6686cee03cde2d4e840671635a3118c\"},\"headline\":\"Vergesellschaftung im TV\",\"datePublished\":\"2022-09-09T11:23:49+00:00\",\"mainEntityOfPage\":{\"@id\":\"https:\\\/\\\/communia.de\\\/en\\\/vergesellschaftung-im-tv\\\/\"},\"wordCount\":135,\"publisher\":{\"@id\":\"https:\\\/\\\/communia.de\\\/en\\\/#organization\"},\"image\":{\"@id\":\"https:\\\/\\\/communia.de\\\/en\\\/vergesellschaftung-im-tv\\\/#primaryimage\"},\"thumbnailUrl\":\"https:\\\/\\\/communia.de\\\/wp-content\\\/uploads\\\/2022\\\/09\\\/communia-blog-featured-images-V1_23.jpg\",\"articleSection\":[\"Medien\",\"vgk &#8217;22\"],\"inLanguage\":\"en-US\"},{\"@type\":\"WebPage\",\"@id\":\"https:\\\/\\\/communia.de\\\/en\\\/vergesellschaftung-im-tv\\\/\",\"url\":\"https:\\\/\\\/communia.de\\\/en\\\/vergesellschaftung-im-tv\\\/\",\"name\":\"Vergesellschaftung im TV - communia\",\"isPartOf\":{\"@id\":\"https:\\\/\\\/communia.de\\\/en\\\/#website\"},\"primaryImageOfPage\":{\"@id\":\"https:\\\/\\\/communia.de\\\/en\\\/vergesellschaftung-im-tv\\\/#primaryimage\"},\"image\":{\"@id\":\"https:\\\/\\\/communia.de\\\/en\\\/vergesellschaftung-im-tv\\\/#primaryimage\"},\"thumbnailUrl\":\"https:\\\/\\\/communia.de\\\/wp-content\\\/uploads\\\/2022\\\/09\\\/communia-blog-featured-images-V1_23.jpg\",\"datePublished\":\"2022-09-09T11:23:49+00:00\",\"breadcrumb\":{\"@id\":\"https:\\\/\\\/communia.de\\\/en\\\/vergesellschaftung-im-tv\\\/#breadcrumb\"},\"inLanguage\":\"en-US\",\"potentialAction\":[{\"@type\":\"ReadAction\",\"target\":[\"https:\\\/\\\/communia.de\\\/en\\\/vergesellschaftung-im-tv\\\/\"]}]},{\"@type\":\"ImageObject\",\"inLanguage\":\"en-US\",\"@id\":\"https:\\\/\\\/communia.de\\\/en\\\/vergesellschaftung-im-tv\\\/#primaryimage\",\"url\":\"https:\\\/\\\/communia.de\\\/wp-content\\\/uploads\\\/2022\\\/09\\\/communia-blog-featured-images-V1_23.jpg\",\"contentUrl\":\"https:\\\/\\\/communia.de\\\/wp-content\\\/uploads\\\/2022\\\/09\\\/communia-blog-featured-images-V1_23.jpg\",\"width\":1920,\"height\":1080},{\"@type\":\"BreadcrumbList\",\"@id\":\"https:\\\/\\\/communia.de\\\/en\\\/vergesellschaftung-im-tv\\\/#breadcrumb\",\"itemListElement\":[{\"@type\":\"ListItem\",\"position\":1,\"name\":\"Startseite\",\"item\":\"https:\\\/\\\/communia.de\\\/en\\\/\"},{\"@type\":\"ListItem\",\"position\":2,\"name\":\"Vergesellschaftung im TV\"}]},{\"@type\":\"WebSite\",\"@id\":\"https:\\\/\\\/communia.de\\\/en\\\/#website\",\"url\":\"https:\\\/\\\/communia.de\\\/en\\\/\",\"name\":\"communia\",\"description\":\"F\u00fcr eine Wirtschaft, die uns allen geh\u00f6rt.\",\"publisher\":{\"@id\":\"https:\\\/\\\/communia.de\\\/en\\\/#organization\"},\"potentialAction\":[{\"@type\":\"SearchAction\",\"target\":{\"@type\":\"EntryPoint\",\"urlTemplate\":\"https:\\\/\\\/communia.de\\\/en\\\/?s={search_term_string}\"},\"query-input\":{\"@type\":\"PropertyValueSpecification\",\"valueRequired\":true,\"valueName\":\"search_term_string\"}}],\"inLanguage\":\"en-US\"},{\"@type\":\"Organization\",\"@id\":\"https:\\\/\\\/communia.de\\\/en\\\/#organization\",\"name\":\"communia\",\"url\":\"https:\\\/\\\/communia.de\\\/en\\\/\",\"logo\":{\"@type\":\"ImageObject\",\"inLanguage\":\"en-US\",\"@id\":\"https:\\\/\\\/communia.de\\\/en\\\/#\\\/schema\\\/logo\\\/image\\\/\",\"url\":\"https:\\\/\\\/communia.de\\\/wp-content\\\/uploads\\\/cropped-communia-icon-rot.png\",\"contentUrl\":\"https:\\\/\\\/communia.de\\\/wp-content\\\/uploads\\\/cropped-communia-icon-rot.png\",\"width\":512,\"height\":512,\"caption\":\"communia\"},\"image\":{\"@id\":\"https:\\\/\\\/communia.de\\\/en\\\/#\\\/schema\\\/logo\\\/image\\\/\"},\"sameAs\":[\"https:\\\/\\\/x.com\\\/communiade\",\"https:\\\/\\\/www.instagram.com\\\/communia_de\\\/\"]},{\"@type\":\"Person\",\"@id\":\"https:\\\/\\\/communia.de\\\/en\\\/#\\\/schema\\\/person\\\/a6686cee03cde2d4e840671635a3118c\",\"name\":\"Lukas\",\"image\":{\"@type\":\"ImageObject\",\"inLanguage\":\"en-US\",\"@id\":\"https:\\\/\\\/secure.gravatar.com\\\/avatar\\\/6132fe3365ea25ce8dd276c330eb5079d6c598bb334616e05445ef65c8caf3c6?s=96&d=mm&r=g\",\"url\":\"https:\\\/\\\/secure.gravatar.com\\\/avatar\\\/6132fe3365ea25ce8dd276c330eb5079d6c598bb334616e05445ef65c8caf3c6?s=96&d=mm&r=g\",\"contentUrl\":\"https:\\\/\\\/secure.gravatar.com\\\/avatar\\\/6132fe3365ea25ce8dd276c330eb5079d6c598bb334616e05445ef65c8caf3c6?s=96&d=mm&r=g\",\"caption\":\"Lukas\"},\"url\":\"https:\\\/\\\/communia.de\\\/en\\\/author\\\/lukas\\\/\"}]}<\/script>\n<!-- \/ Yoast SEO plugin. -->","yoast_head_json":{"title":"Vergesellschaftung im TV - communia","robots":{"index":"index","follow":"follow","max-snippet":"max-snippet:-1","max-image-preview":"max-image-preview:large","max-video-preview":"max-video-preview:-1"},"canonical":"https:\/\/communia.de\/en\/vergesellschaftung-im-tv\/","og_locale":"en_US","og_type":"article","og_title":"Vergesellschaftung im TV - communia","og_description":"In genau einem Monat findet die Vergesellschaftungskonferenz an der TU Berlin statt. Zur Einstimmung hat Franziska Drohsel vom Institut Solidarische Moderne Ralf Hoffrogge (Deutsche Wohnen &amp; Co enteignen) und Max Wilken (communia &#8211; Zentrum demokratische Wirtschaft zu einer einst\u00fcndigen Talkshow eingeladen. Live war das Gespr\u00e4ch auf Alex Berlin zu verfolgen, nun stellen wir das Video [&hellip;]","og_url":"https:\/\/communia.de\/en\/vergesellschaftung-im-tv\/","og_site_name":"communia","article_published_time":"2022-09-09T11:23:49+00:00","author":"Lukas","twitter_card":"summary_large_image","twitter_creator":"@communiade","twitter_site":"@communiade","twitter_misc":{"Written by":"Lukas","Est. reading time":"1 minute"},"schema":{"@context":"https:\/\/schema.org","@graph":[{"@type":"Article","@id":"https:\/\/communia.de\/en\/vergesellschaftung-im-tv\/#article","isPartOf":{"@id":"https:\/\/communia.de\/en\/vergesellschaftung-im-tv\/"},"author":{"name":"Lukas","@id":"https:\/\/communia.de\/en\/#\/schema\/person\/a6686cee03cde2d4e840671635a3118c"},"headline":"Vergesellschaftung im TV","datePublished":"2022-09-09T11:23:49+00:00","mainEntityOfPage":{"@id":"https:\/\/communia.de\/en\/vergesellschaftung-im-tv\/"},"wordCount":135,"publisher":{"@id":"https:\/\/communia.de\/en\/#organization"},"image":{"@id":"https:\/\/communia.de\/en\/vergesellschaftung-im-tv\/#primaryimage"},"thumbnailUrl":"https:\/\/communia.de\/wp-content\/uploads\/2022\/09\/communia-blog-featured-images-V1_23.jpg","articleSection":["Medien","vgk &#8217;22"],"inLanguage":"en-US"},{"@type":"WebPage","@id":"https:\/\/communia.de\/en\/vergesellschaftung-im-tv\/","url":"https:\/\/communia.de\/en\/vergesellschaftung-im-tv\/","name":"Vergesellschaftung im TV - communia","isPartOf":{"@id":"https:\/\/communia.de\/en\/#website"},"primaryImageOfPage":{"@id":"https:\/\/communia.de\/en\/vergesellschaftung-im-tv\/#primaryimage"},"image":{"@id":"https:\/\/communia.de\/en\/vergesellschaftung-im-tv\/#primaryimage"},"thumbnailUrl":"https:\/\/communia.de\/wp-content\/uploads\/2022\/09\/communia-blog-featured-images-V1_23.jpg","datePublished":"2022-09-09T11:23:49+00:00","breadcrumb":{"@id":"https:\/\/communia.de\/en\/vergesellschaftung-im-tv\/#breadcrumb"},"inLanguage":"en-US","potentialAction":[{"@type":"ReadAction","target":["https:\/\/communia.de\/en\/vergesellschaftung-im-tv\/"]}]},{"@type":"ImageObject","inLanguage":"en-US","@id":"https:\/\/communia.de\/en\/vergesellschaftung-im-tv\/#primaryimage","url":"https:\/\/communia.de\/wp-content\/uploads\/2022\/09\/communia-blog-featured-images-V1_23.jpg","contentUrl":"https:\/\/communia.de\/wp-content\/uploads\/2022\/09\/communia-blog-featured-images-V1_23.jpg","width":1920,"height":1080},{"@type":"BreadcrumbList","@id":"https:\/\/communia.de\/en\/vergesellschaftung-im-tv\/#breadcrumb","itemListElement":[{"@type":"ListItem","position":1,"name":"Startseite","item":"https:\/\/communia.de\/en\/"},{"@type":"ListItem","position":2,"name":"Vergesellschaftung im TV"}]},{"@type":"WebSite","@id":"https:\/\/communia.de\/en\/#website","url":"https:\/\/communia.de\/en\/","name":"communia","description":"F\u00fcr eine Wirtschaft, die uns allen geh\u00f6rt.","publisher":{"@id":"https:\/\/communia.de\/en\/#organization"},"potentialAction":[{"@type":"SearchAction","target":{"@type":"EntryPoint","urlTemplate":"https:\/\/communia.de\/en\/?s={search_term_string}"},"query-input":{"@type":"PropertyValueSpecification","valueRequired":true,"valueName":"search_term_string"}}],"inLanguage":"en-US"},{"@type":"Organization","@id":"https:\/\/communia.de\/en\/#organization","name":"communia","url":"https:\/\/communia.de\/en\/","logo":{"@type":"ImageObject","inLanguage":"en-US","@id":"https:\/\/communia.de\/en\/#\/schema\/logo\/image\/","url":"https:\/\/communia.de\/wp-content\/uploads\/cropped-communia-icon-rot.png","contentUrl":"https:\/\/communia.de\/wp-content\/uploads\/cropped-communia-icon-rot.png","width":512,"height":512,"caption":"communia"},"image":{"@id":"https:\/\/communia.de\/en\/#\/schema\/logo\/image\/"},"sameAs":["https:\/\/x.com\/communiade","https:\/\/www.instagram.com\/communia_de\/"]},{"@type":"Person","@id":"https:\/\/communia.de\/en\/#\/schema\/person\/a6686cee03cde2d4e840671635a3118c","name":"Lukas","image":{"@type":"ImageObject","inLanguage":"en-US","@id":"https:\/\/secure.gravatar.com\/avatar\/6132fe3365ea25ce8dd276c330eb5079d6c598bb334616e05445ef65c8caf3c6?s=96&d=mm&r=g","url":"https:\/\/secure.gravatar.com\/avatar\/6132fe3365ea25ce8dd276c330eb5079d6c598bb334616e05445ef65c8caf3c6?s=96&d=mm&r=g","contentUrl":"https:\/\/secure.gravatar.com\/avatar\/6132fe3365ea25ce8dd276c330eb5079d6c598bb334616e05445ef65c8caf3c6?s=96&d=mm&r=g","caption":"Lukas"},"url":"https:\/\/communia.de\/en\/author\/lukas\/"}]}},"_links":{"self":[{"href":"https:\/\/communia.de\/en\/wp-json\/wp\/v2\/posts\/395055","targetHints":{"allow":["GET"]}}],"collection":[{"href":"https:\/\/communia.de\/en\/wp-json\/wp\/v2\/posts"}],"about":[{"href":"https:\/\/communia.de\/en\/wp-json\/wp\/v2\/types\/post"}],"author":[{"embeddable":true,"href":"https:\/\/communia.de\/en\/wp-json\/wp\/v2\/users\/5"}],"replies":[{"embeddable":true,"href":"https:\/\/communia.de\/en\/wp-json\/wp\/v2\/comments?post=395055"}],"version-history":[{"count":0,"href":"https:\/\/communia.de\/en\/wp-json\/wp\/v2\/posts\/395055\/revisions"}],"wp:featuredmedia":[{"embeddable":true,"href":"https:\/\/communia.de\/en\/wp-json\/wp\/v2\/media\/394777"}],"wp:attachment":[{"href":"https:\/\/communia.de\/en\/wp-json\/wp\/v2\/media?parent=395055"}],"wp:term":[{"taxonomy":"category","embeddable":true,"href":"https:\/\/communia.de\/en\/wp-json\/wp\/v2\/categories?post=395055"},{"taxonomy":"post_tag","embeddable":true,"href":"https:\/\/communia.de\/en\/wp-json\/wp\/v2\/tags?post=395055"}],"curies":[{"name":"wp","href":"https:\/\/api.w.org\/{rel}","templated":true}]}}