{"id":395070,"date":"2021-09-19T13:51:25","date_gmt":"2021-09-19T11:51:25","guid":{"rendered":"https:\/\/communia.de\/jenseits-von-markt-und-staat\/"},"modified":"2024-01-30T14:52:29","modified_gmt":"2024-01-30T13:52:29","slug":"jenseits-von-markt-und-staat","status":"publish","type":"post","link":"https:\/\/communia.de\/en\/jenseits-von-markt-und-staat\/","title":{"rendered":"Jenseits von Markt und Staat"},"content":{"rendered":"\r\n<p><em>Staat oder Markt? Im \u00f6ffentlichen Diskurs und im Alltagsverst\u00e4ndnis sind das die beiden Begriffe, auf die die Frage der Organisation der \u00d6konomie oftmals reduziert wird. Entweder Planwirtschaft oder Marktwirtschaft, eine andere Wahl gibt es nicht. Doch woher kommt dieses bin\u00e4re Denken und wie weist eine demokratische Wirtschaft dar\u00fcber hinaus?<\/em><\/p>\r\n\r\n\r\n\r\n<p>Die moderne Trennung von Politik und \u00d6konomie in separate gesellschaftliche Sph\u00e4ren mit je eigenen, \u201cnat\u00fcrlichen\u201d und universalen Regeln ist Grundlage des Kapitalismus. Der Staat wurde dabei als die Sph\u00e4re der Macht, ihrer Verteilung und Begrenzung sowie zunehmend der demokratischen Mitbestimmung verstanden. Demgegen\u00fcber stand die b\u00fcrgerliche Gesellschaft, die als vom Staat getrennter, durch Rechte (insbesondere jenes auf Privateigentum) gesch\u00fctzter und von der individuellen, \u201erationalen\u201c Verfolgung \u00f6konomischer Interessen gepr\u00e4gter Teilbereich der Gesellschaft verstanden wurde.<\/p>\r\n\r\n\r\n\r\n<p>Im Neoliberalismus wurde die Depolitisierung der \u00d6konomie auf die Spitze getrieben. Zentral f\u00fcr die neoliberale Ideologie ist die Binarit\u00e4t von Markt und Staat. So wie ein Computer ausschlie\u00dflich zwischen \u201e0\u201c und \u201e1\u201c unterscheiden kann, kennt der Neoliberalismus nur zwei \u00f6konomische Organisationsformen. W\u00e4hrend \u201cder Staat\u201d mit Begriffen wie Zwang, Tr\u00e4gheit und Herrschaft belegt wird, gilt \u201cder Markt\u201d als Sph\u00e4re der Freiheit, Effizienz und Innovation. Alternativen zwischen und jenseits von Staat und Markt sind in der neoliberalen Ideologie nicht mehr denkbar. Angetrieben von der neoklassischen \u00d6konomik muss der Staat heute Marktf\u00f6rmigkeit auf allen Ebenen der Gesellschaft herstellen. M\u00e4rkte als universelle, \u201cnat\u00fcrliche\u201d und effiziente Entscheidungsmechanismen ersetzen so in immer mehr Lebensbereichen die politische Demokratie.<\/p>\r\n\r\n\r\n\r\n<h2 class=\"wp-block-heading\">Mit dem &#8220;Entweder &#8230; Oder&#8221; brechen<\/h2>\r\n\r\n\r\n\r\n<p>Eine zentrale Frage, die sich f\u00fcr Progressive stellt, ist, wie \u201eder Markt\u201c ersetzt werden kann. Diese Frage ist jedoch gewisserma\u00dfen vergiftet, denn sie geht neoliberalen Kategorien auf den Leim. Wenn wir davon ausgehen, dass <em>ein einziges<\/em> alternatives Organisationsprinzip \u201eden Markt\u201c ersetzen muss, haben wir bereits einen Teil der neoliberalen Denkweise reproduziert.\u00a0<\/p>\r\n\r\n\r\n\r\n<p>Stattdessen geht es darum, an den spezifischen Kontext angepasste, effiziente und dezentrale Alternativen zum Privateigentum zu entwickeln. Diese sichern die demokratische Teilhabe und die Befriedigung von Grundbed\u00fcrfnissen ab. Es geht also um eine vielf\u00e4ltige \u201amixed economy\u2018, deren Basis weitgehend \u00f6ffentliche, kommunale, genossenschaftliche Unternehmen oder durch Arbeiter*innen selbstverwaltete Betriebe darstellen.<\/p>\r\n\r\n\r\n\r\n<p>Zentrales staatliches Eigentum spielt in dieser Konzeption insbesondere in kapitalintensiven, von nat\u00fcrlichen Monopolen gepr\u00e4gten Wirtschaftssektoren eine Rolle. In einem vorherigen <a href=\"https:\/\/communia.de\/en\/formen-einer-demokratischen-wirtschaft\/\"><u>Blogartikel<\/u><\/a> von Lukas hei\u00dft es: \u201cDazu k\u00f6nnen beispielsweise Strom- und andere Versorgungsnetze geh\u00f6ren, die Bahn, Telekommunikationsnetze und Leistungen wie Internet und Post, aber auch bestimmte Industrien wie die (aus Klimaschutzgr\u00fcnden abzuwickelnde bzw. zu konvertierende) fossile Industrie inklusive der Stahl-, Auto- und Luftverkehrsbranchen.\u201d In diesen Bereichen sichert staatliches Eigentum Effizienz durch gro\u00dfr\u00e4umige Vereinheitlichung und Skaleneffekte. Gleichzeitig gilt es, demokratische Mitsprache und soziale Gerechtigkeit in staatlichen Unternehmen abzusichern. Wettbewerb und Preismechanismen im Kontext von starken Arbeiter*innenrechten w\u00fcrden also zun\u00e4chst insbesondere im Gebrauchswarensektor eine Rolle spielen. Andere Bereiche (Gesundheit, Bildung, Strom und Wasser, Telekommunikation) w\u00e4ren dagegen grunds\u00e4tzlich dem Markt entzogen und w\u00fcrden als bedingungslose Grundversorgung bereitgestellt.<\/p>\r\n\r\n\r\n\r\n<h2 class=\"wp-block-heading\">Vielf\u00e4ltige demokratische Eigentumsmodelle<\/h2>\r\n\r\n\r\n\r\n<p>Eine Konzeption einer Demokratischen Wirtschaft, die auf einer Pluralit\u00e4t unterschiedlicher Eigentumsmodelle basiert, dekonstruiert die Dichotomie von Markt und Staat. Anstatt Staat und Markt zu verdinglichen, fragt sie danach, welche Eigentums- und Entscheidungsstrukturen welchem \u00f6konomischen Kontext angemessen sind. Denn was ist Eigentum anderes als ein rechtlich strukturiertes Verh\u00e4ltnis zwischen Menschen; eine Art, Entscheidungen zu treffen?\u00a0 Eigentumsrechte beantworten die Frage, wer in welcher Form an \u00f6konomischen Entscheidungen beteiligt ist. Um die \u00d6konomie zu politisieren, brauchen wir nicht ein einziges Organisationsprinzip oder eine bestimmte Unternehmensform, sondern eine Vielfalt von alternativen Eigentumsmodellen.<\/p>\r\n","protected":false},"excerpt":{"rendered":"<p>Staat oder Markt? Im \u00f6ffentlichen Diskurs und im Alltagsverst\u00e4ndnis sind das die beiden Begriffe, auf die die Frage der Organisation der \u00d6konomie oftmals reduziert wird. Entweder Planwirtschaft oder Marktwirtschaft, eine andere Wahl gibt es nicht. Doch woher kommt dieses bin\u00e4re Denken und wie weist eine demokratische Wirtschaft dar\u00fcber hinaus? Die moderne Trennung von Politik und [&hellip;]<\/p>\n","protected":false},"author":4,"featured_media":394763,"comment_status":"closed","ping_status":"closed","sticky":false,"template":"","format":"standard","meta":{"_acf_changed":false,"_et_pb_use_builder":"","_et_pb_old_content":"","_et_gb_content_width":"","footnotes":""},"categories":[1],"tags":[],"class_list":["post-395070","post","type-post","status-publish","format-standard","has-post-thumbnail","hentry","category-unkategorisiert"],"acf":[],"yoast_head":"<!-- This site is optimized with the Yoast SEO plugin v27.4 - https:\/\/yoast.com\/product\/yoast-seo-wordpress\/ -->\n<title>Jenseits von Markt und Staat - communia<\/title>\n<meta name=\"description\" content=\"Staat oder Markt? Eine Demokratische Wirtschaft bricht mit dem falschen &quot;entweder - oder&quot; von Planwirtschaft vs Marktfundamentalismus.\" \/>\n<meta name=\"robots\" content=\"index, follow, max-snippet:-1, max-image-preview:large, max-video-preview:-1\" \/>\n<link rel=\"canonical\" href=\"https:\/\/communia.de\/en\/jenseits-von-markt-und-staat\/\" \/>\n<meta property=\"og:locale\" content=\"en_US\" \/>\n<meta property=\"og:type\" content=\"article\" \/>\n<meta property=\"og:title\" content=\"Jenseits von Markt und Staat - communia\" \/>\n<meta property=\"og:description\" content=\"Staat oder Markt? Eine Demokratische Wirtschaft bricht mit dem falschen &quot;entweder - oder&quot; von Planwirtschaft vs Marktfundamentalismus.\" \/>\n<meta property=\"og:url\" content=\"https:\/\/communia.de\/en\/jenseits-von-markt-und-staat\/\" \/>\n<meta property=\"og:site_name\" content=\"communia\" \/>\n<meta property=\"article:published_time\" content=\"2021-09-19T11:51:25+00:00\" \/>\n<meta property=\"article:modified_time\" content=\"2024-01-30T13:52:29+00:00\" \/>\n<meta property=\"og:image\" content=\"https:\/\/communia.de\/wp-content\/uploads\/2022\/01\/communia-blog-featured-images-V1_41.jpg\" \/>\n\t<meta property=\"og:image:width\" content=\"1920\" \/>\n\t<meta property=\"og:image:height\" content=\"1080\" \/>\n\t<meta property=\"og:image:type\" content=\"image\/jpeg\" \/>\n<meta name=\"author\" content=\"Max\" \/>\n<meta name=\"twitter:card\" content=\"summary_large_image\" \/>\n<meta name=\"twitter:creator\" content=\"@communiade\" \/>\n<meta name=\"twitter:site\" content=\"@communiade\" \/>\n<meta name=\"twitter:label1\" content=\"Written by\" \/>\n\t<meta name=\"twitter:data1\" content=\"Max\" \/>\n\t<meta name=\"twitter:label2\" content=\"Est. reading time\" \/>\n\t<meta name=\"twitter:data2\" content=\"3 minutes\" \/>\n<script type=\"application\/ld+json\" class=\"yoast-schema-graph\">{\"@context\":\"https:\\\/\\\/schema.org\",\"@graph\":[{\"@type\":\"Article\",\"@id\":\"https:\\\/\\\/communia.de\\\/en\\\/jenseits-von-markt-und-staat\\\/#article\",\"isPartOf\":{\"@id\":\"https:\\\/\\\/communia.de\\\/en\\\/jenseits-von-markt-und-staat\\\/\"},\"author\":{\"name\":\"Max\",\"@id\":\"https:\\\/\\\/communia.de\\\/en\\\/#\\\/schema\\\/person\\\/c44c0f59a676f5c8f9d3db44d17e6e76\"},\"headline\":\"Jenseits von Markt und Staat\",\"datePublished\":\"2021-09-19T11:51:25+00:00\",\"dateModified\":\"2024-01-30T13:52:29+00:00\",\"mainEntityOfPage\":{\"@id\":\"https:\\\/\\\/communia.de\\\/en\\\/jenseits-von-markt-und-staat\\\/\"},\"wordCount\":595,\"publisher\":{\"@id\":\"https:\\\/\\\/communia.de\\\/en\\\/#organization\"},\"image\":{\"@id\":\"https:\\\/\\\/communia.de\\\/en\\\/jenseits-von-markt-und-staat\\\/#primaryimage\"},\"thumbnailUrl\":\"https:\\\/\\\/communia.de\\\/wp-content\\\/uploads\\\/2022\\\/01\\\/communia-blog-featured-images-V1_41.jpg\",\"articleSection\":[\"Unkategorisiert\"],\"inLanguage\":\"en-US\"},{\"@type\":\"WebPage\",\"@id\":\"https:\\\/\\\/communia.de\\\/en\\\/jenseits-von-markt-und-staat\\\/\",\"url\":\"https:\\\/\\\/communia.de\\\/en\\\/jenseits-von-markt-und-staat\\\/\",\"name\":\"Jenseits von Markt und Staat - communia\",\"isPartOf\":{\"@id\":\"https:\\\/\\\/communia.de\\\/en\\\/#website\"},\"primaryImageOfPage\":{\"@id\":\"https:\\\/\\\/communia.de\\\/en\\\/jenseits-von-markt-und-staat\\\/#primaryimage\"},\"image\":{\"@id\":\"https:\\\/\\\/communia.de\\\/en\\\/jenseits-von-markt-und-staat\\\/#primaryimage\"},\"thumbnailUrl\":\"https:\\\/\\\/communia.de\\\/wp-content\\\/uploads\\\/2022\\\/01\\\/communia-blog-featured-images-V1_41.jpg\",\"datePublished\":\"2021-09-19T11:51:25+00:00\",\"dateModified\":\"2024-01-30T13:52:29+00:00\",\"description\":\"Staat oder Markt? Eine Demokratische Wirtschaft bricht mit dem falschen \\\"entweder - oder\\\" von Planwirtschaft vs Marktfundamentalismus.\",\"breadcrumb\":{\"@id\":\"https:\\\/\\\/communia.de\\\/en\\\/jenseits-von-markt-und-staat\\\/#breadcrumb\"},\"inLanguage\":\"en-US\",\"potentialAction\":[{\"@type\":\"ReadAction\",\"target\":[\"https:\\\/\\\/communia.de\\\/en\\\/jenseits-von-markt-und-staat\\\/\"]}]},{\"@type\":\"ImageObject\",\"inLanguage\":\"en-US\",\"@id\":\"https:\\\/\\\/communia.de\\\/en\\\/jenseits-von-markt-und-staat\\\/#primaryimage\",\"url\":\"https:\\\/\\\/communia.de\\\/wp-content\\\/uploads\\\/2022\\\/01\\\/communia-blog-featured-images-V1_41.jpg\",\"contentUrl\":\"https:\\\/\\\/communia.de\\\/wp-content\\\/uploads\\\/2022\\\/01\\\/communia-blog-featured-images-V1_41.jpg\",\"width\":1920,\"height\":1080},{\"@type\":\"BreadcrumbList\",\"@id\":\"https:\\\/\\\/communia.de\\\/en\\\/jenseits-von-markt-und-staat\\\/#breadcrumb\",\"itemListElement\":[{\"@type\":\"ListItem\",\"position\":1,\"name\":\"Startseite\",\"item\":\"https:\\\/\\\/communia.de\\\/en\\\/\"},{\"@type\":\"ListItem\",\"position\":2,\"name\":\"Jenseits von Markt und Staat\"}]},{\"@type\":\"WebSite\",\"@id\":\"https:\\\/\\\/communia.de\\\/en\\\/#website\",\"url\":\"https:\\\/\\\/communia.de\\\/en\\\/\",\"name\":\"communia\",\"description\":\"F\u00fcr eine Wirtschaft, die uns allen geh\u00f6rt.\",\"publisher\":{\"@id\":\"https:\\\/\\\/communia.de\\\/en\\\/#organization\"},\"potentialAction\":[{\"@type\":\"SearchAction\",\"target\":{\"@type\":\"EntryPoint\",\"urlTemplate\":\"https:\\\/\\\/communia.de\\\/en\\\/?s={search_term_string}\"},\"query-input\":{\"@type\":\"PropertyValueSpecification\",\"valueRequired\":true,\"valueName\":\"search_term_string\"}}],\"inLanguage\":\"en-US\"},{\"@type\":\"Organization\",\"@id\":\"https:\\\/\\\/communia.de\\\/en\\\/#organization\",\"name\":\"communia\",\"url\":\"https:\\\/\\\/communia.de\\\/en\\\/\",\"logo\":{\"@type\":\"ImageObject\",\"inLanguage\":\"en-US\",\"@id\":\"https:\\\/\\\/communia.de\\\/en\\\/#\\\/schema\\\/logo\\\/image\\\/\",\"url\":\"https:\\\/\\\/communia.de\\\/wp-content\\\/uploads\\\/cropped-communia-icon-rot.png\",\"contentUrl\":\"https:\\\/\\\/communia.de\\\/wp-content\\\/uploads\\\/cropped-communia-icon-rot.png\",\"width\":512,\"height\":512,\"caption\":\"communia\"},\"image\":{\"@id\":\"https:\\\/\\\/communia.de\\\/en\\\/#\\\/schema\\\/logo\\\/image\\\/\"},\"sameAs\":[\"https:\\\/\\\/x.com\\\/communiade\",\"https:\\\/\\\/www.instagram.com\\\/communia_de\\\/\"]},{\"@type\":\"Person\",\"@id\":\"https:\\\/\\\/communia.de\\\/en\\\/#\\\/schema\\\/person\\\/c44c0f59a676f5c8f9d3db44d17e6e76\",\"name\":\"Max\",\"image\":{\"@type\":\"ImageObject\",\"inLanguage\":\"en-US\",\"@id\":\"https:\\\/\\\/secure.gravatar.com\\\/avatar\\\/b8e0e02eb36cff7b40b901ff8b3038afca8b3258fe3441fef5ad0df03fe9fe4a?s=96&d=mm&r=g\",\"url\":\"https:\\\/\\\/secure.gravatar.com\\\/avatar\\\/b8e0e02eb36cff7b40b901ff8b3038afca8b3258fe3441fef5ad0df03fe9fe4a?s=96&d=mm&r=g\",\"contentUrl\":\"https:\\\/\\\/secure.gravatar.com\\\/avatar\\\/b8e0e02eb36cff7b40b901ff8b3038afca8b3258fe3441fef5ad0df03fe9fe4a?s=96&d=mm&r=g\",\"caption\":\"Max\"},\"url\":\"https:\\\/\\\/communia.de\\\/en\\\/author\\\/max\\\/\"}]}<\/script>\n<!-- \/ Yoast SEO plugin. -->","yoast_head_json":{"title":"Jenseits von Markt und Staat - communia","description":"Staat oder Markt? Eine Demokratische Wirtschaft bricht mit dem falschen \"entweder - oder\" von Planwirtschaft vs Marktfundamentalismus.","robots":{"index":"index","follow":"follow","max-snippet":"max-snippet:-1","max-image-preview":"max-image-preview:large","max-video-preview":"max-video-preview:-1"},"canonical":"https:\/\/communia.de\/en\/jenseits-von-markt-und-staat\/","og_locale":"en_US","og_type":"article","og_title":"Jenseits von Markt und Staat - communia","og_description":"Staat oder Markt? Eine Demokratische Wirtschaft bricht mit dem falschen \"entweder - oder\" von Planwirtschaft vs Marktfundamentalismus.","og_url":"https:\/\/communia.de\/en\/jenseits-von-markt-und-staat\/","og_site_name":"communia","article_published_time":"2021-09-19T11:51:25+00:00","article_modified_time":"2024-01-30T13:52:29+00:00","og_image":[{"width":1920,"height":1080,"url":"https:\/\/communia.de\/wp-content\/uploads\/2022\/01\/communia-blog-featured-images-V1_41.jpg","type":"image\/jpeg"}],"author":"Max","twitter_card":"summary_large_image","twitter_creator":"@communiade","twitter_site":"@communiade","twitter_misc":{"Written by":"Max","Est. reading time":"3 minutes"},"schema":{"@context":"https:\/\/schema.org","@graph":[{"@type":"Article","@id":"https:\/\/communia.de\/en\/jenseits-von-markt-und-staat\/#article","isPartOf":{"@id":"https:\/\/communia.de\/en\/jenseits-von-markt-und-staat\/"},"author":{"name":"Max","@id":"https:\/\/communia.de\/en\/#\/schema\/person\/c44c0f59a676f5c8f9d3db44d17e6e76"},"headline":"Jenseits von Markt und Staat","datePublished":"2021-09-19T11:51:25+00:00","dateModified":"2024-01-30T13:52:29+00:00","mainEntityOfPage":{"@id":"https:\/\/communia.de\/en\/jenseits-von-markt-und-staat\/"},"wordCount":595,"publisher":{"@id":"https:\/\/communia.de\/en\/#organization"},"image":{"@id":"https:\/\/communia.de\/en\/jenseits-von-markt-und-staat\/#primaryimage"},"thumbnailUrl":"https:\/\/communia.de\/wp-content\/uploads\/2022\/01\/communia-blog-featured-images-V1_41.jpg","articleSection":["Unkategorisiert"],"inLanguage":"en-US"},{"@type":"WebPage","@id":"https:\/\/communia.de\/en\/jenseits-von-markt-und-staat\/","url":"https:\/\/communia.de\/en\/jenseits-von-markt-und-staat\/","name":"Jenseits von Markt und Staat - communia","isPartOf":{"@id":"https:\/\/communia.de\/en\/#website"},"primaryImageOfPage":{"@id":"https:\/\/communia.de\/en\/jenseits-von-markt-und-staat\/#primaryimage"},"image":{"@id":"https:\/\/communia.de\/en\/jenseits-von-markt-und-staat\/#primaryimage"},"thumbnailUrl":"https:\/\/communia.de\/wp-content\/uploads\/2022\/01\/communia-blog-featured-images-V1_41.jpg","datePublished":"2021-09-19T11:51:25+00:00","dateModified":"2024-01-30T13:52:29+00:00","description":"Staat oder Markt? Eine Demokratische Wirtschaft bricht mit dem falschen \"entweder - oder\" von Planwirtschaft vs Marktfundamentalismus.","breadcrumb":{"@id":"https:\/\/communia.de\/en\/jenseits-von-markt-und-staat\/#breadcrumb"},"inLanguage":"en-US","potentialAction":[{"@type":"ReadAction","target":["https:\/\/communia.de\/en\/jenseits-von-markt-und-staat\/"]}]},{"@type":"ImageObject","inLanguage":"en-US","@id":"https:\/\/communia.de\/en\/jenseits-von-markt-und-staat\/#primaryimage","url":"https:\/\/communia.de\/wp-content\/uploads\/2022\/01\/communia-blog-featured-images-V1_41.jpg","contentUrl":"https:\/\/communia.de\/wp-content\/uploads\/2022\/01\/communia-blog-featured-images-V1_41.jpg","width":1920,"height":1080},{"@type":"BreadcrumbList","@id":"https:\/\/communia.de\/en\/jenseits-von-markt-und-staat\/#breadcrumb","itemListElement":[{"@type":"ListItem","position":1,"name":"Startseite","item":"https:\/\/communia.de\/en\/"},{"@type":"ListItem","position":2,"name":"Jenseits von Markt und Staat"}]},{"@type":"WebSite","@id":"https:\/\/communia.de\/en\/#website","url":"https:\/\/communia.de\/en\/","name":"communia","description":"F\u00fcr eine Wirtschaft, die uns allen geh\u00f6rt.","publisher":{"@id":"https:\/\/communia.de\/en\/#organization"},"potentialAction":[{"@type":"SearchAction","target":{"@type":"EntryPoint","urlTemplate":"https:\/\/communia.de\/en\/?s={search_term_string}"},"query-input":{"@type":"PropertyValueSpecification","valueRequired":true,"valueName":"search_term_string"}}],"inLanguage":"en-US"},{"@type":"Organization","@id":"https:\/\/communia.de\/en\/#organization","name":"communia","url":"https:\/\/communia.de\/en\/","logo":{"@type":"ImageObject","inLanguage":"en-US","@id":"https:\/\/communia.de\/en\/#\/schema\/logo\/image\/","url":"https:\/\/communia.de\/wp-content\/uploads\/cropped-communia-icon-rot.png","contentUrl":"https:\/\/communia.de\/wp-content\/uploads\/cropped-communia-icon-rot.png","width":512,"height":512,"caption":"communia"},"image":{"@id":"https:\/\/communia.de\/en\/#\/schema\/logo\/image\/"},"sameAs":["https:\/\/x.com\/communiade","https:\/\/www.instagram.com\/communia_de\/"]},{"@type":"Person","@id":"https:\/\/communia.de\/en\/#\/schema\/person\/c44c0f59a676f5c8f9d3db44d17e6e76","name":"Max","image":{"@type":"ImageObject","inLanguage":"en-US","@id":"https:\/\/secure.gravatar.com\/avatar\/b8e0e02eb36cff7b40b901ff8b3038afca8b3258fe3441fef5ad0df03fe9fe4a?s=96&d=mm&r=g","url":"https:\/\/secure.gravatar.com\/avatar\/b8e0e02eb36cff7b40b901ff8b3038afca8b3258fe3441fef5ad0df03fe9fe4a?s=96&d=mm&r=g","contentUrl":"https:\/\/secure.gravatar.com\/avatar\/b8e0e02eb36cff7b40b901ff8b3038afca8b3258fe3441fef5ad0df03fe9fe4a?s=96&d=mm&r=g","caption":"Max"},"url":"https:\/\/communia.de\/en\/author\/max\/"}]}},"_links":{"self":[{"href":"https:\/\/communia.de\/en\/wp-json\/wp\/v2\/posts\/395070","targetHints":{"allow":["GET"]}}],"collection":[{"href":"https:\/\/communia.de\/en\/wp-json\/wp\/v2\/posts"}],"about":[{"href":"https:\/\/communia.de\/en\/wp-json\/wp\/v2\/types\/post"}],"author":[{"embeddable":true,"href":"https:\/\/communia.de\/en\/wp-json\/wp\/v2\/users\/4"}],"replies":[{"embeddable":true,"href":"https:\/\/communia.de\/en\/wp-json\/wp\/v2\/comments?post=395070"}],"version-history":[{"count":1,"href":"https:\/\/communia.de\/en\/wp-json\/wp\/v2\/posts\/395070\/revisions"}],"predecessor-version":[{"id":395148,"href":"https:\/\/communia.de\/en\/wp-json\/wp\/v2\/posts\/395070\/revisions\/395148"}],"wp:featuredmedia":[{"embeddable":true,"href":"https:\/\/communia.de\/en\/wp-json\/wp\/v2\/media\/394763"}],"wp:attachment":[{"href":"https:\/\/communia.de\/en\/wp-json\/wp\/v2\/media?parent=395070"}],"wp:term":[{"taxonomy":"category","embeddable":true,"href":"https:\/\/communia.de\/en\/wp-json\/wp\/v2\/categories?post=395070"},{"taxonomy":"post_tag","embeddable":true,"href":"https:\/\/communia.de\/en\/wp-json\/wp\/v2\/tags?post=395070"}],"curies":[{"name":"wp","href":"https:\/\/api.w.org\/{rel}","templated":true}]}}