{"id":395078,"date":"2021-05-20T08:43:03","date_gmt":"2021-05-20T06:43:03","guid":{"rendered":"https:\/\/communia.de\/eine-wirtschaft-die-uns-gehoert\/"},"modified":"2024-01-30T14:52:35","modified_gmt":"2024-01-30T13:52:35","slug":"eine-wirtschaft-die-uns-gehoert","status":"publish","type":"post","link":"https:\/\/communia.de\/en\/eine-wirtschaft-die-uns-gehoert\/","title":{"rendered":"Eine Wirtschaft, die uns geh\u00f6rt"},"content":{"rendered":"\r\n<p><em>Alternative Eigentumsmodelle als Bausteine einer demokratischen Wirtschaft<\/em><\/p>\r\n\r\n\r\n\r\n<p>Privateigentum: Die Institution, die Grenzen zieht zwischen Besitzer*innen und Besitzlosen;\u00a0zwischen jenen, die aus\u00a0der Arbeitskraft anderer Nutzen ziehen und jenen, die ihre Arbeitskraft verkaufen m\u00fcssen, um im Gegenzug einen lebensnotwendigen Lohn zu erhalten. Dies ist das Grundger\u00fcst, auf das der Kapitalismus sich st\u00fctzt: Es sichert die M\u00f6glichkeit der Anh\u00e4ufung exponentiell wachsenden Reichtums f\u00fcr einige wenige und entscheidet somit auch, wer in wirtschaftspolitischen Prozessen \u00fcber die Macht verf\u00fcgt, Entscheidungen zu f\u00e4llen. Eine radikale Kritik und der Versuch einer Transformation dieses Systems in eine demokratische Wirtschaft muss dementsprechend auf der Ebene des Eigentums ansetzen. Wie k\u00f6nnen wir Eigentumsmodelle ver\u00e4ndern und verbessern, sodass politische und wirtschaftliche Macht gerecht verteilt wird? Wie k\u00f6nnen Arbeitnehmer*innen sich durch echte Teilhabe an Eigentum\u00a0umfassende Rechte, Schutzma\u00dfnahmen und Mitentscheidungschancen sichern? Wie k\u00f6nnen wir den\u00a0 \u00f6kologischen Fu\u00dfabdruck in der Produktion durch eine Abkehr von der Privatisierungslogik reduzieren? Der Eigentumsfrage wird im deutschen wirtschaftspolitischen Kontext bislang nur begrenzt Aufmerksamkeit gewidmet. Dies ver\u00e4ndert sich erst allm\u00e4hlich durch die Initiative <em>Deutsche Wohnen und Co. Enteignen, <\/em>die ihren Appell f\u00fcr eine Vergesellschaftung von Wohnraum zunehmend in die \u00d6ffentlichkeit bringen.<\/p>\r\n\r\n\r\n\r\n<h2 class=\"wp-block-heading\">Gro\u00dfbritannien: Eigentumsfrage im Zentrum der Debatte<\/h2>\r\n\r\n\r\n\r\n<p>Anders sieht es in Gro\u00dfbritannien aus: Nicht zuletzt eine Vielzahl progressiver \u00f6konomischer Think Tanks positioniert die Eigentumsfrage und alternative Eigentumsmodelle als zentrales Thema. Die Labour Party unter Jeremy Corbyn hat es als politische Vision ins Zentrum der politischen Debatte\u00a0ger\u00fcckt. So wird beispielsweise im <em><a href=\"https:\/\/labour.org.uk\/wp-content\/uploads\/2017\/10\/Alternative-Models-of-Ownership.pdf\" target=\"_blank\" rel=\"noreferrer noopener\">Alternative Models of Ownership Report<\/a> <\/em>2017 die Vorherrschaft des Privateigentums als Haupttreiber zahlreicher Krisen identifiziert. Der Mangel an langfristigen Investitionen (z.B. im Kampf gegen die Klimakrise), sinkende Produktivit\u00e4tsraten, steigende Ungleichheit und finanzielle Unsicherheit, sowie zunehmende Isolierung l\u00e4ndlicher Regionen gegen\u00fcber der finanzialisierten\u00a0Metropolen\u00a0geh\u00f6ren dazu.\u00a0Im Gegenzug schl\u00e4gt der Bericht alternative Eigentumsmodelle als effektive und vor allem realistische Alternativen vor, um diese Probleme an der Wurzel zu bearbeiten. Hierbei wird zwischen Kooperativen und Genossenschaften, kommunal und lokal verwalteten, sowie staatlichen Eigentumsformen unterschieden. Nach dem Subsidiarit\u00e4tsprinzip, nach dem Entscheidungen immer auf der niedrigst m\u00f6glichen Ebene getroffen werden, tragen alternative Eigentumsmodelle in Wechselwirkung miteinander und auf einer ganz grunds\u00e4tzlichen Ebene zu einer nachhaltigen und Gerechtigkeit erweiternden Transformation der Wirtschaft bei.<\/p>\r\n\r\n\r\n\r\n<h2 class=\"wp-block-heading\">&#8220;Alternative Models of Ownership&#8221;<\/h2>\r\n\r\n\r\n\r\n<p>Der <em>Alternative Models of Ownership Report <\/em>geht mit der Kampfansage an private Eigentumsverh\u00e4ltnisse weit \u00fcber den Ausbau der Mitbestimmungsrechte von Arbeitnehmer*innen im Betrieb hinaus. Er versteht die Sph\u00e4re der Wirtschaft insgesamt als politisch: Demokratische Prozesse und Strukturen m\u00fcssen die \u00d6konomie gestalten und regulieren. Die Aufhebung der Hegemonie privaten Eigentums beinhaltet dabei eine grundlegende Ver\u00e4nderung\u00a0der wirtschaftlichen Ausrichtung. Wo das gegenw\u00e4rtige \u2013 um Privateigentum organisierte \u2013 Wirtschaftssystem das Augenmerk auf kurzfristige Investitionen und Gewinne richtet, erm\u00f6glicht die Einf\u00fchrung alternativer Eigentumsmodelle die langfristige Planung wirtschaftlicher Investitionen und Produktion. Insbesondere im Kontext der eskalierenden Klimakrise ist dies von essenzieller Bedeutung. Der Mangel an \u00f6ffentlichen Ausgaben und der daraus resultierende R\u00fcckbau \u00f6ffentlicher Dienstleistungen und Sicherheitsnetze (Krankenpflege, \u00f6ffentliche Verkehrsinfrastruktur, Wohnbau etc.) sind in ihren verheerenden Auswirkungen insbesondere im Zuge der Coronapandemie deutlich zu sp\u00fcren. Auch hier k\u00f6nnen alternative Eigentumsmodelle entgegenwirken, indem lokal und regional erzeugter Wohlstand auch vor Ort verbleibt und die lebensnotwendige <a href=\"https:\/\/democracycollaborative.org\/preston-model\" target=\"_blank\" rel=\"noreferrer noopener\">Fundamental\u00f6konomie<\/a> st\u00e4rkt, statt an anonyme Konzernzentralen abzuflie\u00dfen.\u00a0Schlie\u00dflich stellen alternative Eigentumsmodelle im Zusammenhang mit der zunehmenden Automatisierung und Digitalisierung ein wichtiges Instrument dar, diese Entwicklungen gerecht zu gestalten. Gegenw\u00e4rtig stehen bei der Automatisierung unter der Privatisierungslogik Kapitalinteressen \u00fcber jenen der Arbeitnehmer*innen. Anstatt zu massiver Arbeitslosigkeit und rasant\u00a0 wachsenden Privatgewinnen zu f\u00fchren, garantiert kollektives Eigentum an Unternehmen, dass die zunehmende Automatisierung nicht auf Kosten der Besch\u00e4ftigten erfolgt, sondern im Gegenteil Arbeitszeitverk\u00fcrzungen bei Lohnausgleich erm\u00f6glicht. \u00c4hnlich weist die digitale \u00d6konomie \u2013 gegenw\u00e4rtig von zunehmender \u00dcberwachung, Manipulation und Kontrolle gekennzeichnet \u2013 als kollektives Eigentum vielf\u00e4ltige Vorteile auf. Pers\u00f6nliche Daten unterl\u00e4gen der Kontrolle der Menschen selbst und statt privater Profite w\u00fcrden kostenfreie Zug\u00e4nge zu essentiellen digitalen Dienstleistungen gew\u00e4hrleistet.\u00a0<\/p>\r\n\r\n\r\n\r\n<h2 class=\"wp-block-heading\">Demokratische Eigentumsmodelle umsetzen<\/h2>\r\n\r\n\r\n\r\n<p>Das Potenzial demokratischer Eigentumsmodelle f\u00fcr die sozial-\u00f6kologische Transformation ist enorm. Vorbilder selbstverwalteter Betriebe unter Arbeitnehmer*innenkontrolle weltweit zeigen, dass Unternehmen durch die \u00dcbernahme von Arbeiter*innen nach einer Insolvenz nicht nur produktiver und resilienter wieder aufgebaut werden k\u00f6nnen, sondern wie dies auch auf eine solidarische und nachhaltigere Art und Weise gelingen kann. Beispiele von Busunternehmen, die im Vereinigten K\u00f6nigreich durch Belegschaftsaktien die Verm\u00f6gensbildung in Arbeiter*innenhand f\u00f6rdern, zeigen, dass eine effiziente und emissionsarme \u00f6ffentliche Verkehrsinfrastruktur tats\u00e4chlich von Arbeiter*innen selbst organisiert und Gewinne gerecht verteilt und reinvestiert werden k\u00f6nnen.\u00a0<em>Deutsche Wohnen und Co. Enteignen <\/em>verdeutlicht, dass immer mehr Mieter*innen eine Vergesellschaftung des Wohnungsmarktes bef\u00fcrworten und unterst\u00fctzen: Wohnraum ist keine private Angelegenheit, sondern \u00f6ffentliches Recht! Privateigentum hat sich \u00fcber die letzten 250 Jahre im Kern\u00a0der Wirtschaft festgebissen. Es wird Zeit, \u00a0es durch neue Formen der wirtschaftlichen Organisation zu erg\u00e4nzen und zu ersetzen.<\/p>\r\n\r\n\r\n\r\n<p><strong>Lesetipps<\/strong><strong>:<\/strong><\/p>\r\n\r\n\r\n\r\n<ul class=\"wp-block-list\">\r\n<li>The Democracy Collaborative. (2020). <em><a href=\"https:\/\/democracycollaborative.org\/preston-model\" target=\"_blank\" rel=\"noreferrer noopener\">The Preston model &#8211; An Overview<\/a><\/em><\/li>\r\n<li>The Future is Public. (2020). <a href=\"https:\/\/www.tni.org\/en\/futureispublic\" target=\"_blank\" rel=\"noreferrer noopener\"><em>The Future is Public: Towards Democratic Ownership of Public Services<\/em><\/a><\/li>\r\n<li>Labour Party. (2017). <em><a href=\"https:\/\/labour.org.uk\/wp-content\/uploads\/2017\/10\/Alternative-Models-of-Ownership.pdf\" target=\"_blank\" rel=\"noreferrer noopener\">Alternative Models of Ownership<\/a><\/em><\/li>\r\n<li>We Own It. (2019). <em><a href=\"https:\/\/weownit.org.uk\/sites\/default\/files\/attachments\/When%20We%20Own%20It%20-%20A%20model%20for%20public%20ownership%20in%20the%2021st%20century.pdf\" target=\"_blank\" rel=\"noreferrer noopener\">When We Own It. A model for public ownership for the 21<\/a><\/em><sup><a href=\"https:\/\/weownit.org.uk\/sites\/default\/files\/attachments\/When%20We%20Own%20It%20-%20A%20model%20for%20public%20ownership%20in%20the%2021st%20century.pdf\" target=\"_blank\" rel=\"noreferrer noopener\"><em>st<\/em><\/a><\/sup><em><a href=\"https:\/\/weownit.org.uk\/sites\/default\/files\/attachments\/When%20We%20Own%20It%20-%20A%20model%20for%20public%20ownership%20in%20the%2021st%20century.pdf\" target=\"_blank\" rel=\"noreferrer noopener\"> century<\/a><\/em><\/li>\r\n<\/ul>\r\n","protected":false},"excerpt":{"rendered":"<p>Alternative Eigentumsmodelle als Bausteine einer demokratischen Wirtschaft Privateigentum: Die Institution, die Grenzen zieht zwischen Besitzer*innen und Besitzlosen;\u00a0zwischen jenen, die aus\u00a0der Arbeitskraft anderer Nutzen ziehen und jenen, die ihre Arbeitskraft verkaufen m\u00fcssen, um im Gegenzug einen lebensnotwendigen Lohn zu erhalten. Dies ist das Grundger\u00fcst, auf das der Kapitalismus sich st\u00fctzt: Es sichert die M\u00f6glichkeit der Anh\u00e4ufung [&hellip;]<\/p>\n","protected":false},"author":6,"featured_media":394771,"comment_status":"closed","ping_status":"closed","sticky":false,"template":"","format":"standard","meta":{"_acf_changed":false,"_et_pb_use_builder":"","_et_pb_old_content":"","_et_gb_content_width":"","footnotes":""},"categories":[1],"tags":[],"class_list":["post-395078","post","type-post","status-publish","format-standard","has-post-thumbnail","hentry","category-unkategorisiert"],"acf":[],"yoast_head":"<!-- This site is optimized with the Yoast SEO plugin v27.4 - https:\/\/yoast.com\/product\/yoast-seo-wordpress\/ -->\n<title>Eine Wirtschaft, die uns geh\u00f6rt - communia<\/title>\n<meta name=\"description\" content=\"Alternative Eigentumsmodelle als Bausteine einer demokratischen Wirtschaft: Eine Wirtschaft, die uns geh\u00f6rt.\" \/>\n<meta name=\"robots\" content=\"index, follow, max-snippet:-1, max-image-preview:large, max-video-preview:-1\" \/>\n<link rel=\"canonical\" href=\"https:\/\/communia.de\/en\/eine-wirtschaft-die-uns-gehoert\/\" \/>\n<meta property=\"og:locale\" content=\"en_US\" \/>\n<meta property=\"og:type\" content=\"article\" \/>\n<meta property=\"og:title\" content=\"Eine Wirtschaft, die uns geh\u00f6rt - communia\" \/>\n<meta property=\"og:description\" content=\"Alternative Eigentumsmodelle als Bausteine einer demokratischen Wirtschaft: Eine Wirtschaft, die uns geh\u00f6rt.\" \/>\n<meta property=\"og:url\" content=\"https:\/\/communia.de\/en\/eine-wirtschaft-die-uns-gehoert\/\" \/>\n<meta property=\"og:site_name\" content=\"communia\" \/>\n<meta property=\"article:published_time\" content=\"2021-05-20T06:43:03+00:00\" \/>\n<meta property=\"article:modified_time\" content=\"2024-01-30T13:52:35+00:00\" \/>\n<meta property=\"og:image\" content=\"https:\/\/communia.de\/wp-content\/uploads\/2022\/01\/communia-blog-featured-images-V1_49.jpg\" \/>\n\t<meta property=\"og:image:width\" content=\"1920\" \/>\n\t<meta property=\"og:image:height\" content=\"1080\" \/>\n\t<meta property=\"og:image:type\" content=\"image\/jpeg\" \/>\n<meta name=\"author\" content=\"Vincent\" \/>\n<meta name=\"twitter:card\" content=\"summary_large_image\" \/>\n<meta name=\"twitter:creator\" content=\"@communiade\" \/>\n<meta name=\"twitter:site\" content=\"@communiade\" \/>\n<meta name=\"twitter:label1\" content=\"Written by\" \/>\n\t<meta name=\"twitter:data1\" content=\"Vincent\" \/>\n\t<meta name=\"twitter:label2\" content=\"Est. reading time\" \/>\n\t<meta name=\"twitter:data2\" content=\"4 minutes\" \/>\n<script type=\"application\/ld+json\" class=\"yoast-schema-graph\">{\"@context\":\"https:\\\/\\\/schema.org\",\"@graph\":[{\"@type\":\"Article\",\"@id\":\"https:\\\/\\\/communia.de\\\/en\\\/eine-wirtschaft-die-uns-gehoert\\\/#article\",\"isPartOf\":{\"@id\":\"https:\\\/\\\/communia.de\\\/en\\\/eine-wirtschaft-die-uns-gehoert\\\/\"},\"author\":{\"name\":\"Vincent\",\"@id\":\"https:\\\/\\\/communia.de\\\/en\\\/#\\\/schema\\\/person\\\/ac8faf4787d9bd34e9b49fa22b5e71c5\"},\"headline\":\"Eine Wirtschaft, die uns geh\u00f6rt\",\"datePublished\":\"2021-05-20T06:43:03+00:00\",\"dateModified\":\"2024-01-30T13:52:35+00:00\",\"mainEntityOfPage\":{\"@id\":\"https:\\\/\\\/communia.de\\\/en\\\/eine-wirtschaft-die-uns-gehoert\\\/\"},\"wordCount\":879,\"publisher\":{\"@id\":\"https:\\\/\\\/communia.de\\\/en\\\/#organization\"},\"image\":{\"@id\":\"https:\\\/\\\/communia.de\\\/en\\\/eine-wirtschaft-die-uns-gehoert\\\/#primaryimage\"},\"thumbnailUrl\":\"https:\\\/\\\/communia.de\\\/wp-content\\\/uploads\\\/2022\\\/01\\\/communia-blog-featured-images-V1_49.jpg\",\"articleSection\":[\"Unkategorisiert\"],\"inLanguage\":\"en-US\"},{\"@type\":\"WebPage\",\"@id\":\"https:\\\/\\\/communia.de\\\/en\\\/eine-wirtschaft-die-uns-gehoert\\\/\",\"url\":\"https:\\\/\\\/communia.de\\\/en\\\/eine-wirtschaft-die-uns-gehoert\\\/\",\"name\":\"Eine Wirtschaft, die uns geh\u00f6rt - communia\",\"isPartOf\":{\"@id\":\"https:\\\/\\\/communia.de\\\/en\\\/#website\"},\"primaryImageOfPage\":{\"@id\":\"https:\\\/\\\/communia.de\\\/en\\\/eine-wirtschaft-die-uns-gehoert\\\/#primaryimage\"},\"image\":{\"@id\":\"https:\\\/\\\/communia.de\\\/en\\\/eine-wirtschaft-die-uns-gehoert\\\/#primaryimage\"},\"thumbnailUrl\":\"https:\\\/\\\/communia.de\\\/wp-content\\\/uploads\\\/2022\\\/01\\\/communia-blog-featured-images-V1_49.jpg\",\"datePublished\":\"2021-05-20T06:43:03+00:00\",\"dateModified\":\"2024-01-30T13:52:35+00:00\",\"description\":\"Alternative Eigentumsmodelle als Bausteine einer demokratischen Wirtschaft: Eine Wirtschaft, die uns geh\u00f6rt.\",\"breadcrumb\":{\"@id\":\"https:\\\/\\\/communia.de\\\/en\\\/eine-wirtschaft-die-uns-gehoert\\\/#breadcrumb\"},\"inLanguage\":\"en-US\",\"potentialAction\":[{\"@type\":\"ReadAction\",\"target\":[\"https:\\\/\\\/communia.de\\\/en\\\/eine-wirtschaft-die-uns-gehoert\\\/\"]}]},{\"@type\":\"ImageObject\",\"inLanguage\":\"en-US\",\"@id\":\"https:\\\/\\\/communia.de\\\/en\\\/eine-wirtschaft-die-uns-gehoert\\\/#primaryimage\",\"url\":\"https:\\\/\\\/communia.de\\\/wp-content\\\/uploads\\\/2022\\\/01\\\/communia-blog-featured-images-V1_49.jpg\",\"contentUrl\":\"https:\\\/\\\/communia.de\\\/wp-content\\\/uploads\\\/2022\\\/01\\\/communia-blog-featured-images-V1_49.jpg\",\"width\":1920,\"height\":1080},{\"@type\":\"BreadcrumbList\",\"@id\":\"https:\\\/\\\/communia.de\\\/en\\\/eine-wirtschaft-die-uns-gehoert\\\/#breadcrumb\",\"itemListElement\":[{\"@type\":\"ListItem\",\"position\":1,\"name\":\"Startseite\",\"item\":\"https:\\\/\\\/communia.de\\\/en\\\/\"},{\"@type\":\"ListItem\",\"position\":2,\"name\":\"Eine Wirtschaft, die uns geh\u00f6rt\"}]},{\"@type\":\"WebSite\",\"@id\":\"https:\\\/\\\/communia.de\\\/en\\\/#website\",\"url\":\"https:\\\/\\\/communia.de\\\/en\\\/\",\"name\":\"communia\",\"description\":\"F\u00fcr eine Wirtschaft, die uns allen geh\u00f6rt.\",\"publisher\":{\"@id\":\"https:\\\/\\\/communia.de\\\/en\\\/#organization\"},\"potentialAction\":[{\"@type\":\"SearchAction\",\"target\":{\"@type\":\"EntryPoint\",\"urlTemplate\":\"https:\\\/\\\/communia.de\\\/en\\\/?s={search_term_string}\"},\"query-input\":{\"@type\":\"PropertyValueSpecification\",\"valueRequired\":true,\"valueName\":\"search_term_string\"}}],\"inLanguage\":\"en-US\"},{\"@type\":\"Organization\",\"@id\":\"https:\\\/\\\/communia.de\\\/en\\\/#organization\",\"name\":\"communia\",\"url\":\"https:\\\/\\\/communia.de\\\/en\\\/\",\"logo\":{\"@type\":\"ImageObject\",\"inLanguage\":\"en-US\",\"@id\":\"https:\\\/\\\/communia.de\\\/en\\\/#\\\/schema\\\/logo\\\/image\\\/\",\"url\":\"https:\\\/\\\/communia.de\\\/wp-content\\\/uploads\\\/cropped-communia-icon-rot.png\",\"contentUrl\":\"https:\\\/\\\/communia.de\\\/wp-content\\\/uploads\\\/cropped-communia-icon-rot.png\",\"width\":512,\"height\":512,\"caption\":\"communia\"},\"image\":{\"@id\":\"https:\\\/\\\/communia.de\\\/en\\\/#\\\/schema\\\/logo\\\/image\\\/\"},\"sameAs\":[\"https:\\\/\\\/x.com\\\/communiade\",\"https:\\\/\\\/www.instagram.com\\\/communia_de\\\/\"]},{\"@type\":\"Person\",\"@id\":\"https:\\\/\\\/communia.de\\\/en\\\/#\\\/schema\\\/person\\\/ac8faf4787d9bd34e9b49fa22b5e71c5\",\"name\":\"Vincent\",\"image\":{\"@type\":\"ImageObject\",\"inLanguage\":\"en-US\",\"@id\":\"https:\\\/\\\/secure.gravatar.com\\\/avatar\\\/e4ff6be68106df9cba66d4bf529c7b2f30897a0de2864d2563e01738039bb72d?s=96&d=mm&r=g\",\"url\":\"https:\\\/\\\/secure.gravatar.com\\\/avatar\\\/e4ff6be68106df9cba66d4bf529c7b2f30897a0de2864d2563e01738039bb72d?s=96&d=mm&r=g\",\"contentUrl\":\"https:\\\/\\\/secure.gravatar.com\\\/avatar\\\/e4ff6be68106df9cba66d4bf529c7b2f30897a0de2864d2563e01738039bb72d?s=96&d=mm&r=g\",\"caption\":\"Vincent\"},\"url\":\"https:\\\/\\\/communia.de\\\/en\\\/author\\\/vincent\\\/\"}]}<\/script>\n<!-- \/ Yoast SEO plugin. -->","yoast_head_json":{"title":"Eine Wirtschaft, die uns geh\u00f6rt - communia","description":"Alternative Eigentumsmodelle als Bausteine einer demokratischen Wirtschaft: Eine Wirtschaft, die uns geh\u00f6rt.","robots":{"index":"index","follow":"follow","max-snippet":"max-snippet:-1","max-image-preview":"max-image-preview:large","max-video-preview":"max-video-preview:-1"},"canonical":"https:\/\/communia.de\/en\/eine-wirtschaft-die-uns-gehoert\/","og_locale":"en_US","og_type":"article","og_title":"Eine Wirtschaft, die uns geh\u00f6rt - communia","og_description":"Alternative Eigentumsmodelle als Bausteine einer demokratischen Wirtschaft: Eine Wirtschaft, die uns geh\u00f6rt.","og_url":"https:\/\/communia.de\/en\/eine-wirtschaft-die-uns-gehoert\/","og_site_name":"communia","article_published_time":"2021-05-20T06:43:03+00:00","article_modified_time":"2024-01-30T13:52:35+00:00","og_image":[{"width":1920,"height":1080,"url":"https:\/\/communia.de\/wp-content\/uploads\/2022\/01\/communia-blog-featured-images-V1_49.jpg","type":"image\/jpeg"}],"author":"Vincent","twitter_card":"summary_large_image","twitter_creator":"@communiade","twitter_site":"@communiade","twitter_misc":{"Written by":"Vincent","Est. reading time":"4 minutes"},"schema":{"@context":"https:\/\/schema.org","@graph":[{"@type":"Article","@id":"https:\/\/communia.de\/en\/eine-wirtschaft-die-uns-gehoert\/#article","isPartOf":{"@id":"https:\/\/communia.de\/en\/eine-wirtschaft-die-uns-gehoert\/"},"author":{"name":"Vincent","@id":"https:\/\/communia.de\/en\/#\/schema\/person\/ac8faf4787d9bd34e9b49fa22b5e71c5"},"headline":"Eine Wirtschaft, die uns geh\u00f6rt","datePublished":"2021-05-20T06:43:03+00:00","dateModified":"2024-01-30T13:52:35+00:00","mainEntityOfPage":{"@id":"https:\/\/communia.de\/en\/eine-wirtschaft-die-uns-gehoert\/"},"wordCount":879,"publisher":{"@id":"https:\/\/communia.de\/en\/#organization"},"image":{"@id":"https:\/\/communia.de\/en\/eine-wirtschaft-die-uns-gehoert\/#primaryimage"},"thumbnailUrl":"https:\/\/communia.de\/wp-content\/uploads\/2022\/01\/communia-blog-featured-images-V1_49.jpg","articleSection":["Unkategorisiert"],"inLanguage":"en-US"},{"@type":"WebPage","@id":"https:\/\/communia.de\/en\/eine-wirtschaft-die-uns-gehoert\/","url":"https:\/\/communia.de\/en\/eine-wirtschaft-die-uns-gehoert\/","name":"Eine Wirtschaft, die uns geh\u00f6rt - communia","isPartOf":{"@id":"https:\/\/communia.de\/en\/#website"},"primaryImageOfPage":{"@id":"https:\/\/communia.de\/en\/eine-wirtschaft-die-uns-gehoert\/#primaryimage"},"image":{"@id":"https:\/\/communia.de\/en\/eine-wirtschaft-die-uns-gehoert\/#primaryimage"},"thumbnailUrl":"https:\/\/communia.de\/wp-content\/uploads\/2022\/01\/communia-blog-featured-images-V1_49.jpg","datePublished":"2021-05-20T06:43:03+00:00","dateModified":"2024-01-30T13:52:35+00:00","description":"Alternative Eigentumsmodelle als Bausteine einer demokratischen Wirtschaft: Eine Wirtschaft, die uns geh\u00f6rt.","breadcrumb":{"@id":"https:\/\/communia.de\/en\/eine-wirtschaft-die-uns-gehoert\/#breadcrumb"},"inLanguage":"en-US","potentialAction":[{"@type":"ReadAction","target":["https:\/\/communia.de\/en\/eine-wirtschaft-die-uns-gehoert\/"]}]},{"@type":"ImageObject","inLanguage":"en-US","@id":"https:\/\/communia.de\/en\/eine-wirtschaft-die-uns-gehoert\/#primaryimage","url":"https:\/\/communia.de\/wp-content\/uploads\/2022\/01\/communia-blog-featured-images-V1_49.jpg","contentUrl":"https:\/\/communia.de\/wp-content\/uploads\/2022\/01\/communia-blog-featured-images-V1_49.jpg","width":1920,"height":1080},{"@type":"BreadcrumbList","@id":"https:\/\/communia.de\/en\/eine-wirtschaft-die-uns-gehoert\/#breadcrumb","itemListElement":[{"@type":"ListItem","position":1,"name":"Startseite","item":"https:\/\/communia.de\/en\/"},{"@type":"ListItem","position":2,"name":"Eine Wirtschaft, die uns geh\u00f6rt"}]},{"@type":"WebSite","@id":"https:\/\/communia.de\/en\/#website","url":"https:\/\/communia.de\/en\/","name":"communia","description":"F\u00fcr eine Wirtschaft, die uns allen geh\u00f6rt.","publisher":{"@id":"https:\/\/communia.de\/en\/#organization"},"potentialAction":[{"@type":"SearchAction","target":{"@type":"EntryPoint","urlTemplate":"https:\/\/communia.de\/en\/?s={search_term_string}"},"query-input":{"@type":"PropertyValueSpecification","valueRequired":true,"valueName":"search_term_string"}}],"inLanguage":"en-US"},{"@type":"Organization","@id":"https:\/\/communia.de\/en\/#organization","name":"communia","url":"https:\/\/communia.de\/en\/","logo":{"@type":"ImageObject","inLanguage":"en-US","@id":"https:\/\/communia.de\/en\/#\/schema\/logo\/image\/","url":"https:\/\/communia.de\/wp-content\/uploads\/cropped-communia-icon-rot.png","contentUrl":"https:\/\/communia.de\/wp-content\/uploads\/cropped-communia-icon-rot.png","width":512,"height":512,"caption":"communia"},"image":{"@id":"https:\/\/communia.de\/en\/#\/schema\/logo\/image\/"},"sameAs":["https:\/\/x.com\/communiade","https:\/\/www.instagram.com\/communia_de\/"]},{"@type":"Person","@id":"https:\/\/communia.de\/en\/#\/schema\/person\/ac8faf4787d9bd34e9b49fa22b5e71c5","name":"Vincent","image":{"@type":"ImageObject","inLanguage":"en-US","@id":"https:\/\/secure.gravatar.com\/avatar\/e4ff6be68106df9cba66d4bf529c7b2f30897a0de2864d2563e01738039bb72d?s=96&d=mm&r=g","url":"https:\/\/secure.gravatar.com\/avatar\/e4ff6be68106df9cba66d4bf529c7b2f30897a0de2864d2563e01738039bb72d?s=96&d=mm&r=g","contentUrl":"https:\/\/secure.gravatar.com\/avatar\/e4ff6be68106df9cba66d4bf529c7b2f30897a0de2864d2563e01738039bb72d?s=96&d=mm&r=g","caption":"Vincent"},"url":"https:\/\/communia.de\/en\/author\/vincent\/"}]}},"_links":{"self":[{"href":"https:\/\/communia.de\/en\/wp-json\/wp\/v2\/posts\/395078","targetHints":{"allow":["GET"]}}],"collection":[{"href":"https:\/\/communia.de\/en\/wp-json\/wp\/v2\/posts"}],"about":[{"href":"https:\/\/communia.de\/en\/wp-json\/wp\/v2\/types\/post"}],"author":[{"embeddable":true,"href":"https:\/\/communia.de\/en\/wp-json\/wp\/v2\/users\/6"}],"replies":[{"embeddable":true,"href":"https:\/\/communia.de\/en\/wp-json\/wp\/v2\/comments?post=395078"}],"version-history":[{"count":1,"href":"https:\/\/communia.de\/en\/wp-json\/wp\/v2\/posts\/395078\/revisions"}],"predecessor-version":[{"id":395154,"href":"https:\/\/communia.de\/en\/wp-json\/wp\/v2\/posts\/395078\/revisions\/395154"}],"wp:featuredmedia":[{"embeddable":true,"href":"https:\/\/communia.de\/en\/wp-json\/wp\/v2\/media\/394771"}],"wp:attachment":[{"href":"https:\/\/communia.de\/en\/wp-json\/wp\/v2\/media?parent=395078"}],"wp:term":[{"taxonomy":"category","embeddable":true,"href":"https:\/\/communia.de\/en\/wp-json\/wp\/v2\/categories?post=395078"},{"taxonomy":"post_tag","embeddable":true,"href":"https:\/\/communia.de\/en\/wp-json\/wp\/v2\/tags?post=395078"}],"curies":[{"name":"wp","href":"https:\/\/api.w.org\/{rel}","templated":true}]}}